{"id":1294,"date":"2020-05-30T16:58:23","date_gmt":"2020-05-30T19:58:23","guid":{"rendered":"https:\/\/pertinente.com.br\/site\/2020\/05\/30\/faculdade-argentina-cancela-palestra-de-moro-apos-criticas-em-serie-nas-redes-sociaismoro-e-o-emblema-da-manipulacao-da-justica-com-fins-partidarios-escreveu-embaixadora\/"},"modified":"2020-05-30T16:58:23","modified_gmt":"2020-05-30T19:58:23","slug":"faculdade-argentina-cancela-palestra-de-moro-apos-criticas-em-serie-nas-redes-sociaismoro-e-o-emblema-da-manipulacao-da-justica-com-fins-partidarios-escreveu-embaixadora","status":"publish","type":"post","link":"https:\/\/pertinente.com.br\/site\/2020\/05\/30\/faculdade-argentina-cancela-palestra-de-moro-apos-criticas-em-serie-nas-redes-sociaismoro-e-o-emblema-da-manipulacao-da-justica-com-fins-partidarios-escreveu-embaixadora\/","title":{"rendered":"Faculdade argentina cancela palestra de Moro ap\u00f3s cr\u00edticas em s\u00e9rie nas redes sociais:<br>Moro &#8216;\u00e9 o emblema da manipula\u00e7\u00e3o da Justi\u00e7a com fins partid\u00e1rios&#8217;, escreveu embaixadora"},"content":{"rendered":"\n<figure class=\"wp-block-image size-large\"><img loading=\"lazy\" decoding=\"async\" width=\"1200\" height=\"675\" src=\"https:\/\/pertinente.com.br\/site\/wp-content\/uploads\/2020\/05\/15617077_0_284_3136_2048_1200x0_80_0_1_1d9b6ee4432c139fd2055f9a2ef351c73392293085020728716.jpg\" alt=\"\" class=\"wp-image-1292\" srcset=\"https:\/\/pertinente.com.br\/site\/wp-content\/uploads\/2020\/05\/15617077_0_284_3136_2048_1200x0_80_0_1_1d9b6ee4432c139fd2055f9a2ef351c73392293085020728716.jpg 1200w, https:\/\/pertinente.com.br\/site\/wp-content\/uploads\/2020\/05\/15617077_0_284_3136_2048_1200x0_80_0_1_1d9b6ee4432c139fd2055f9a2ef351c73392293085020728716-300x169.jpg 300w, https:\/\/pertinente.com.br\/site\/wp-content\/uploads\/2020\/05\/15617077_0_284_3136_2048_1200x0_80_0_1_1d9b6ee4432c139fd2055f9a2ef351c73392293085020728716-1024x576.jpg 1024w, https:\/\/pertinente.com.br\/site\/wp-content\/uploads\/2020\/05\/15617077_0_284_3136_2048_1200x0_80_0_1_1d9b6ee4432c139fd2055f9a2ef351c73392293085020728716-768x432.jpg 768w\" sizes=\"(max-width: 1200px) 100vw, 1200px\" \/><\/figure>\n\n\n\n<p>A faculdade de direito da Universidade de Buenos Aires (UBA) decidiu cancelar um evento virtual que teria como principal orador o ex-ministro da Justi\u00e7a<a href=\"https:\/\/www1.folha.uol.com.br\/colunas\/igorgielow\/2020\/05\/moro-depende-de-bolsonaro-para-manter-se-em-evidencia-na-politica.shtml\">&nbsp;Sergio Moro<\/a>, apenas horas depois de divulg\u00e1-lo em sua p\u00e1gina oficial e nas redes sociais.<\/p>\n\n\n\n<p>No flyer, a palestra \u00e9 descrita como debate sobre &#8220;o combate \u00e0 corrup\u00e7\u00e3o, a democracia e o Estado de direito&#8221;, e apresenta Moro como &#8220;juiz da Rep\u00fablica Federativa do Brasil&#8221;, omitindo sua passagem pelo governo de Jair Bolsonaro e o fato de hoje ele ser ex-juiz. O evento ocorreria no pr\u00f3ximo dia 10 de junho.<\/p>\n\n\n\n<p>A embaixadora da Argentina na R\u00fassia, Al\u00edcia Castro, afirmou que Moro &#8220;\u00e9 o emblema da manipula\u00e7\u00e3o da Justi\u00e7a com fins partid\u00e1rios e o respons\u00e1vel pelo &#8216;lawfare&#8217; que foi provocado, sem provas, contra o ex-presidente Lula da Silva&#8221;.<\/p>\n\n\n\n<p>Leia ma\u00eds:<\/p>\n\n\n\n<p><a href=\"https:\/\/www1.folha.uol.com.br\/poder\/2020\/05\/faculdade-argentina-cancela-palestra-de-moro-apos-criticas-em-serie-nas-redes-sociais.shtml\">https:\/\/www1.folha.uol.com.br\/poder\/2020\/05\/faculdade-argentina-cancela-palestra-de-moro-apos-criticas-em-serie-nas-redes-sociais.shtml<\/a><\/p>\n","protected":false},"excerpt":{"rendered":"<p>A faculdade de direito da Universidade de Buenos Aires (UBA) decidiu cancelar um evento virtual que teria como principal orador o ex-ministro da Justi\u00e7a&nbsp;Sergio Moro, apenas horas depois de divulg\u00e1-lo em sua p\u00e1gina oficial e nas redes sociais. No flyer, a palestra&hellip;<\/p>\n","protected":false},"author":1,"featured_media":1293,"comment_status":"open","ping_status":"open","sticky":false,"template":"","format":"standard","meta":{"footnotes":""},"categories":[4],"tags":[454,456,21,455],"_links":{"self":[{"href":"https:\/\/pertinente.com.br\/site\/wp-json\/wp\/v2\/posts\/1294"}],"collection":[{"href":"https:\/\/pertinente.com.br\/site\/wp-json\/wp\/v2\/posts"}],"about":[{"href":"https:\/\/pertinente.com.br\/site\/wp-json\/wp\/v2\/types\/post"}],"author":[{"embeddable":true,"href":"https:\/\/pertinente.com.br\/site\/wp-json\/wp\/v2\/users\/1"}],"replies":[{"embeddable":true,"href":"https:\/\/pertinente.com.br\/site\/wp-json\/wp\/v2\/comments?post=1294"}],"version-history":[{"count":0,"href":"https:\/\/pertinente.com.br\/site\/wp-json\/wp\/v2\/posts\/1294\/revisions"}],"wp:featuredmedia":[{"embeddable":true,"href":"https:\/\/pertinente.com.br\/site\/wp-json\/wp\/v2\/media\/1293"}],"wp:attachment":[{"href":"https:\/\/pertinente.com.br\/site\/wp-json\/wp\/v2\/media?parent=1294"}],"wp:term":[{"taxonomy":"category","embeddable":true,"href":"https:\/\/pertinente.com.br\/site\/wp-json\/wp\/v2\/categories?post=1294"},{"taxonomy":"post_tag","embeddable":true,"href":"https:\/\/pertinente.com.br\/site\/wp-json\/wp\/v2\/tags?post=1294"}],"curies":[{"name":"wp","href":"https:\/\/api.w.org\/{rel}","templated":true}]}}