{"id":1298,"date":"2020-05-31T20:51:34","date_gmt":"2020-05-31T23:51:34","guid":{"rendered":"https:\/\/pertinente.com.br\/site\/2020\/05\/31\/celso-de-mello-compara-brasil-a-alemanha-de-hitler-e-diz-que-bolsonaristas-querem-abjeta-ditadura\/"},"modified":"2020-05-31T20:51:34","modified_gmt":"2020-05-31T23:51:34","slug":"celso-de-mello-compara-brasil-a-alemanha-de-hitler-e-diz-que-bolsonaristas-querem-abjeta-ditadura","status":"publish","type":"post","link":"https:\/\/pertinente.com.br\/site\/2020\/05\/31\/celso-de-mello-compara-brasil-a-alemanha-de-hitler-e-diz-que-bolsonaristas-querem-abjeta-ditadura\/","title":{"rendered":"Celso de Mello compara Brasil \u00e0 Alemanha de Hitler e diz que bolsonaristas querem &#8216;abjeta ditadura&#8217;"},"content":{"rendered":"\n<figure class=\"wp-block-image size-large\"><img loading=\"lazy\" decoding=\"async\" width=\"768\" height=\"512\" src=\"https:\/\/pertinente.com.br\/site\/wp-content\/uploads\/2020\/05\/15556178905cb8d8623f944_1555617890_3x2_md7949496131576516196.jpg\" alt=\"\" class=\"wp-image-1296\" srcset=\"https:\/\/pertinente.com.br\/site\/wp-content\/uploads\/2020\/05\/15556178905cb8d8623f944_1555617890_3x2_md7949496131576516196.jpg 768w, https:\/\/pertinente.com.br\/site\/wp-content\/uploads\/2020\/05\/15556178905cb8d8623f944_1555617890_3x2_md7949496131576516196-300x200.jpg 300w\" sizes=\"(max-width: 768px) 100vw, 768px\" \/><figcaption>Magistrado diz que \u00e9 preciso resistir \u00e0 &#8216;destrui\u00e7\u00e3o da ordem democr\u00e1tica&#8217;<\/figcaption><\/figure>\n\n\n\n<p>O\u00a0<a href=\"https:\/\/www1.folha.uol.com.br\/colunas\/monicabergamo\/2020\/05\/faculdade-de-direito-da-usp-manifesta-apoio-e-solidariedade-a-celso-de-mello.shtml\">ministro Celso de Mello<\/a>, do STF (Supremo Tribunal Federal), enviou mensagem a ministros da corte alertando que a &#8220;interven\u00e7\u00e3o militar,\u00a0<a href=\"https:\/\/www1.folha.uol.com.br\/poder\/2020\/05\/grupo-pro-bolsonaro-protesta-em-frente-ao-stf-com-tochas-e-mascaras.shtml\">como pretendida por bolsonaristas<\/a>\u00a0e outras lideran\u00e7as autocr\u00e1ticas que desprezam a liberdade e odeiam a democracia&#8221;, nada mais \u00e9 &#8220;sen\u00e3o a instaura\u00e7\u00e3o, no Brasil, de uma desprez\u00edvel e abjeta ditadura militar!!!!&#8221;.<\/p>\n\n\n\n<p>O magistrado, que \u00e9 o decano da corte, compara o&nbsp;<a href=\"https:\/\/www1.folha.uol.com.br\/poder\/2020\/05\/apoio-de-militares-a-ataques-de-bolsonaro-amplia-tensao-no-congresso-e-no-supremo.shtml\">momento vivido pelo Brasil<\/a>&nbsp;com o da Alemanha sob Adolf Hitler.<\/p>\n\n\n\n<p>Em nota, o ministro disse que a mensagem \u00e9 uma &#8220;manifesta\u00e7\u00e3o pessoal, exclusivamente pessoal, sem qualquer vincula\u00e7\u00e3o formal ao STF&#8221;.<\/p>\n\n\n\n<p>Leia, abaixo, a c\u00f3pia da mensagem:<\/p>\n\n\n\n<p><em>&#8220;GUARDADAS as devidas propor\u00e7\u00f5es, O \u201cOVO DA SERPENTE\u201d, \u00e0 semelhan\u00e7a do que ocorreu na Rep\u00fablica de Weimar (1919-1933) , PARECE estar prestes a eclodir NO BRASIL ! \u00c9 PRECISO RESISTIR \u00c0 DESTRUI\u00c7\u00c3O DA ORDEM DEMOCR\u00c1TICA, PARA EVITAR O QUE OCORREU NA REP\u00daBLICA DE WEIMAR QUANDO HITLER, ap\u00f3s eleito por voto popular e posteriormente nomeado pelo Presidente Paul von Hindenburg , em 30\/01\/1933 , COMO CHANCELER (Primeiro Ministro) DA ALEMANHA (\u201cREICHSKANZLER\u201d), N\u00c3O HESITOU EM ROMPER E EM NULIFICAR A PROGRESSISTA , DEMOCR\u00c1TICA E INOVADORA CONSTITUI\u00c7\u00c3O DE WEIMAR, de 11\/08\/1919 , impondo ao Pa\u00eds um sistema totalit\u00e1rio de poder viabilizado pela edi\u00e7\u00e3o , em mar\u00e7o de 1933 , da LEI (nazista) DE CONCESS\u00c3O DE PLENOS PODERES (ou LEI HABILITANTE) que lhe permitiu legislar SEM a interven\u00e7\u00e3o do Parlamento germ\u00e2nico!!!! \u201cINTERVEN\u00c7\u00c3O MILITAR\u201d, como pretendida por bolsonaristas e outras lideran\u00e7as autocr\u00e1ticas que desprezam a liberdade e odeiam a democracia, NADA MAIS SIGNIFICA, na NOVIL\u00cdNGUA bolsonarista, SEN\u00c3O A INSTAURA\u00c7\u00c3O , no Brasil, DE UMA DESPREZ\u00cdVEL E ABJETA DITADURA MILITAR !!!!&#8221;<\/em><\/p>\n\n\n\n<p>Leia mais:<\/p>\n\n\n\n<p>https:\/\/www1.folha.uol.com.br\/colunas\/monicabergamo\/2020\/05\/celso-de-mello-compara-brasil-a-alemanha-de-hitler-e-diz-que-bolsonaristas-querem-abjeta-ditadura.shtml<\/p>\n","protected":false},"excerpt":{"rendered":"<p>O\u00a0ministro Celso de Mello, do STF (Supremo Tribunal Federal), enviou mensagem a ministros da corte alertando que a &#8220;interven\u00e7\u00e3o militar,\u00a0como pretendida por bolsonaristas\u00a0e outras lideran\u00e7as autocr\u00e1ticas que desprezam a liberdade e odeiam a democracia&#8221;, nada mais \u00e9 &#8220;sen\u00e3o a instaura\u00e7\u00e3o, no Brasil,&hellip;<\/p>\n","protected":false},"author":1,"featured_media":1297,"comment_status":"open","ping_status":"open","sticky":false,"template":"","format":"standard","meta":{"footnotes":""},"categories":[4],"tags":[218,444,132,457,66],"_links":{"self":[{"href":"https:\/\/pertinente.com.br\/site\/wp-json\/wp\/v2\/posts\/1298"}],"collection":[{"href":"https:\/\/pertinente.com.br\/site\/wp-json\/wp\/v2\/posts"}],"about":[{"href":"https:\/\/pertinente.com.br\/site\/wp-json\/wp\/v2\/types\/post"}],"author":[{"embeddable":true,"href":"https:\/\/pertinente.com.br\/site\/wp-json\/wp\/v2\/users\/1"}],"replies":[{"embeddable":true,"href":"https:\/\/pertinente.com.br\/site\/wp-json\/wp\/v2\/comments?post=1298"}],"version-history":[{"count":0,"href":"https:\/\/pertinente.com.br\/site\/wp-json\/wp\/v2\/posts\/1298\/revisions"}],"wp:featuredmedia":[{"embeddable":true,"href":"https:\/\/pertinente.com.br\/site\/wp-json\/wp\/v2\/media\/1297"}],"wp:attachment":[{"href":"https:\/\/pertinente.com.br\/site\/wp-json\/wp\/v2\/media?parent=1298"}],"wp:term":[{"taxonomy":"category","embeddable":true,"href":"https:\/\/pertinente.com.br\/site\/wp-json\/wp\/v2\/categories?post=1298"},{"taxonomy":"post_tag","embeddable":true,"href":"https:\/\/pertinente.com.br\/site\/wp-json\/wp\/v2\/tags?post=1298"}],"curies":[{"name":"wp","href":"https:\/\/api.w.org\/{rel}","templated":true}]}}