{"id":1312,"date":"2020-06-04T23:27:17","date_gmt":"2020-06-05T02:27:17","guid":{"rendered":"https:\/\/pertinente.com.br\/site\/2020\/06\/04\/governo-federal-tira-dinheiro-do-bolsa-familia-no-nordeste-para-bancar-publicidade-oficial\/"},"modified":"2020-06-04T23:27:17","modified_gmt":"2020-06-05T02:27:17","slug":"governo-federal-tira-dinheiro-do-bolsa-familia-no-nordeste-para-bancar-publicidade-oficial","status":"publish","type":"post","link":"https:\/\/pertinente.com.br\/site\/2020\/06\/04\/governo-federal-tira-dinheiro-do-bolsa-familia-no-nordeste-para-bancar-publicidade-oficial\/","title":{"rendered":"Governo Federal tira dinheiro do Bolsa Fam\u00edlia no Nordeste para bancar publicidade oficial"},"content":{"rendered":"\n<figure class=\"wp-block-image size-large\"><img loading=\"lazy\" decoding=\"async\" width=\"1024\" height=\"579\" src=\"https:\/\/pertinente.com.br\/site\/wp-content\/uploads\/2020\/06\/img_20200604_2326515280168307140218608-1024x579.jpg\" alt=\"\" class=\"wp-image-1310\" srcset=\"https:\/\/pertinente.com.br\/site\/wp-content\/uploads\/2020\/06\/img_20200604_2326515280168307140218608-1024x579.jpg 1024w, https:\/\/pertinente.com.br\/site\/wp-content\/uploads\/2020\/06\/img_20200604_2326515280168307140218608-300x170.jpg 300w, https:\/\/pertinente.com.br\/site\/wp-content\/uploads\/2020\/06\/img_20200604_2326515280168307140218608-768x434.jpg 768w, https:\/\/pertinente.com.br\/site\/wp-content\/uploads\/2020\/06\/img_20200604_2326515280168307140218608.jpg 1167w\" sizes=\"(max-width: 1024px) 100vw, 1024px\" \/><\/figure>\n\n\n\n<p>Di\u00e1rio do Nordeste &#8211; O governo Bolsonaro cortou o or\u00e7amento do\u00a0<strong>Bolsa Fam\u00edlia\u00a0<\/strong>apesar da fila de espera no programa e pretende usar os recursos para expandir a\u00a0<strong>publicidade institucional<\/strong>. A tesourada foi no segmento destinado a atender as fam\u00edlias carentes da regi\u00e3o Nordeste, onde a cobertura caiu em rela\u00e7\u00e3o ao ano passado.<\/p>\n\n\n\n<p>O dinheiro poderia ser usado para liberar a entrada de mais fam\u00edlias, mas uma portaria do Minist\u00e9rio da Economia retira R$ 83,9 milh\u00f5es do programa e transfere essa verba para a comunica\u00e7\u00e3o institucional da Presid\u00eancia da Rep\u00fablica.<\/p>\n\n\n\n<p>O governo, portanto, reduz gastos sociais e d\u00e1 mais poder ao secret\u00e1rio de comunica\u00e7\u00e3o do Pal\u00e1cio do Planalto, Fabio Wajngarten, cuja atua\u00e7\u00e3o tem sido criticada por suspeita de uso pol\u00edtico do cargo.<\/p>\n\n\n\n<p>Leia mais:<\/p>\n\n\n\n<p><a href=\"https:\/\/diariodonordeste.verdesmares.com.br\/negocios\/governo-tira-dinheiro-do-bolsa-familia-no-nordeste-para-bancar-publicidade-oficial-1.2951670\">https:\/\/diariodonordeste.verdesmares.com.br\/negocios\/governo-tira-dinheiro-do-bolsa-familia-no-nordeste-para-bancar-publicidade-oficial-1.2951670<\/a><\/p>\n","protected":false},"excerpt":{"rendered":"<p>Di\u00e1rio do Nordeste &#8211; O governo Bolsonaro cortou o or\u00e7amento do\u00a0Bolsa Fam\u00edlia\u00a0apesar da fila de espera no programa e pretende usar os recursos para expandir a\u00a0publicidade institucional. A tesourada foi no segmento destinado a atender as fam\u00edlias carentes da regi\u00e3o Nordeste, onde&hellip;<\/p>\n","protected":false},"author":1,"featured_media":1311,"comment_status":"open","ping_status":"open","sticky":false,"template":"","format":"standard","meta":{"footnotes":""},"categories":[4],"tags":[460,461],"_links":{"self":[{"href":"https:\/\/pertinente.com.br\/site\/wp-json\/wp\/v2\/posts\/1312"}],"collection":[{"href":"https:\/\/pertinente.com.br\/site\/wp-json\/wp\/v2\/posts"}],"about":[{"href":"https:\/\/pertinente.com.br\/site\/wp-json\/wp\/v2\/types\/post"}],"author":[{"embeddable":true,"href":"https:\/\/pertinente.com.br\/site\/wp-json\/wp\/v2\/users\/1"}],"replies":[{"embeddable":true,"href":"https:\/\/pertinente.com.br\/site\/wp-json\/wp\/v2\/comments?post=1312"}],"version-history":[{"count":0,"href":"https:\/\/pertinente.com.br\/site\/wp-json\/wp\/v2\/posts\/1312\/revisions"}],"wp:featuredmedia":[{"embeddable":true,"href":"https:\/\/pertinente.com.br\/site\/wp-json\/wp\/v2\/media\/1311"}],"wp:attachment":[{"href":"https:\/\/pertinente.com.br\/site\/wp-json\/wp\/v2\/media?parent=1312"}],"wp:term":[{"taxonomy":"category","embeddable":true,"href":"https:\/\/pertinente.com.br\/site\/wp-json\/wp\/v2\/categories?post=1312"},{"taxonomy":"post_tag","embeddable":true,"href":"https:\/\/pertinente.com.br\/site\/wp-json\/wp\/v2\/tags?post=1312"}],"curies":[{"name":"wp","href":"https:\/\/api.w.org\/{rel}","templated":true}]}}