{"id":1322,"date":"2020-06-07T09:11:01","date_gmt":"2020-06-07T12:11:01","guid":{"rendered":"https:\/\/pertinente.com.br\/site\/2020\/06\/07\/por-dinheiro-tvs-catolicas-oferecem-apoio-ao-governo\/"},"modified":"2020-06-07T09:11:01","modified_gmt":"2020-06-07T12:11:01","slug":"por-dinheiro-tvs-catolicas-oferecem-apoio-ao-governo","status":"publish","type":"post","link":"https:\/\/pertinente.com.br\/site\/2020\/06\/07\/por-dinheiro-tvs-catolicas-oferecem-apoio-ao-governo\/","title":{"rendered":"Por dinheiro, TVs cat\u00f3licas oferecem apoio ao governo"},"content":{"rendered":"\n<figure class=\"wp-block-image size-large\"><img loading=\"lazy\" decoding=\"async\" width=\"868\" height=\"644\" src=\"https:\/\/pertinente.com.br\/site\/wp-content\/uploads\/2020\/06\/tvs-catolicas-868x6445361298991590483129-1.png\" alt=\"\" class=\"wp-image-1320\" srcset=\"https:\/\/pertinente.com.br\/site\/wp-content\/uploads\/2020\/06\/tvs-catolicas-868x6445361298991590483129-1.png 868w, https:\/\/pertinente.com.br\/site\/wp-content\/uploads\/2020\/06\/tvs-catolicas-868x6445361298991590483129-1-300x223.png 300w, https:\/\/pertinente.com.br\/site\/wp-content\/uploads\/2020\/06\/tvs-catolicas-868x6445361298991590483129-1-768x570.png 768w\" sizes=\"(max-width: 868px) 100vw, 868px\" \/><figcaption>Padre Reginaldo Manzotti fala em reuni\u00e3o com Bolsonaro, major Vitor Hugo e outros representantes de TVs cat\u00f3licas<\/figcaption><\/figure>\n\n\n\n<p>A queda de popularidade do presidente Jair Bolsonaro tem atra\u00eddo propostas de alian\u00e7as em troca de recursos p\u00fablicos. Uma das mais tentadoras partiu de padres e leigos conservadores que controlam boa parte do sistema de emissoras cat\u00f3licas de r\u00e1dio e TV. Ligados \u00e0 ala opositora da Confer\u00eancia Nacional dos Bispos do Brasil (CNBB) dentro da Igreja, eles prometeram \u201cm\u00eddia positiva\u201d para a\u00e7\u00f5es do governo na pandemia do novo coronav\u00edrus. Pediram em contrapartida, por\u00e9m, an\u00fancios estatais e outorgas para expandir sua rede de comunica\u00e7\u00e3o.<\/p>\n\n\n\n<p>A proposta foi feita no \u00faltimo dia 21, em videoconfer\u00eancia com a participa\u00e7\u00e3o de Bolsonaro, sacerdotes, parlamentares e representantes de alguns dos maiores grupos cat\u00f3licos de comunica\u00e7\u00e3o, no Pal\u00e1cio do Planalto. A reuni\u00e3o foi p\u00fablica e transmitida pelas redes sociais do Planalto e pela TV Brasil. Na \u201cromaria virtual\u201d, o grupo solicitou acesso ao Minist\u00e9rio da Ci\u00eancia, Tecnologia, Inova\u00e7\u00f5es e Comunica\u00e7\u00f5es, \u00e0 Ag\u00eancia Nacional de Telecomunica\u00e7\u00f5es (Anatel) e, principalmente, \u00e0 Secretaria de Comunica\u00e7\u00e3o Social da Presid\u00eancia (Secom).<\/p>\n\n\n\n<p>Dona do quinto maior or\u00e7amento do Executivo, a Secom tem R$ 127,3 milh\u00f5es em contratos com ag\u00eancias de publicidade. Bolsonaro prometeu tratar pessoalmente do assunto. Um dos pedidos mais expl\u00edcitos foi feito pelo padre Welinton Silva, da TV Pai Eterno, ligada ao Santu\u00e1rio Bas\u00edlica do Divino Pai Eterno, em Trindade (GO).<\/p>\n\n\n\n<p>Leia mais:<\/p>\n\n\n\n<p><a href=\"https:\/\/www.istoedinheiro.com.br\/por-verbas-tvs-catolicas-oferecem-apoio-ao-governo\/\">https:\/\/www.istoedinheiro.com.br\/por-verbas-tvs-catolicas-oferecem-apoio-ao-governo\/<\/a><\/p>\n","protected":false},"excerpt":{"rendered":"<p>A queda de popularidade do presidente Jair Bolsonaro tem atra\u00eddo propostas de alian\u00e7as em troca de recursos p\u00fablicos. Uma das mais tentadoras partiu de padres e leigos conservadores que controlam boa parte do sistema de emissoras cat\u00f3licas de r\u00e1dio e TV. Ligados&hellip;<\/p>\n","protected":false},"author":1,"featured_media":1321,"comment_status":"open","ping_status":"open","sticky":false,"template":"","format":"standard","meta":{"footnotes":""},"categories":[4],"tags":[410,465,98,130,212,464],"_links":{"self":[{"href":"https:\/\/pertinente.com.br\/site\/wp-json\/wp\/v2\/posts\/1322"}],"collection":[{"href":"https:\/\/pertinente.com.br\/site\/wp-json\/wp\/v2\/posts"}],"about":[{"href":"https:\/\/pertinente.com.br\/site\/wp-json\/wp\/v2\/types\/post"}],"author":[{"embeddable":true,"href":"https:\/\/pertinente.com.br\/site\/wp-json\/wp\/v2\/users\/1"}],"replies":[{"embeddable":true,"href":"https:\/\/pertinente.com.br\/site\/wp-json\/wp\/v2\/comments?post=1322"}],"version-history":[{"count":0,"href":"https:\/\/pertinente.com.br\/site\/wp-json\/wp\/v2\/posts\/1322\/revisions"}],"wp:featuredmedia":[{"embeddable":true,"href":"https:\/\/pertinente.com.br\/site\/wp-json\/wp\/v2\/media\/1321"}],"wp:attachment":[{"href":"https:\/\/pertinente.com.br\/site\/wp-json\/wp\/v2\/media?parent=1322"}],"wp:term":[{"taxonomy":"category","embeddable":true,"href":"https:\/\/pertinente.com.br\/site\/wp-json\/wp\/v2\/categories?post=1322"},{"taxonomy":"post_tag","embeddable":true,"href":"https:\/\/pertinente.com.br\/site\/wp-json\/wp\/v2\/tags?post=1322"}],"curies":[{"name":"wp","href":"https:\/\/api.w.org\/{rel}","templated":true}]}}