{"id":1324,"date":"2020-06-08T12:02:44","date_gmt":"2020-06-08T15:02:44","guid":{"rendered":"https:\/\/pertinente.com.br\/site\/?p=1324"},"modified":"2020-06-08T12:02:47","modified_gmt":"2020-06-08T15:02:47","slug":"governo-faz-confusao-deliberada-com-numeros-da-covid-19-depois-de-ameacar-ocultar-dados-da-pandemia-no-brasil","status":"publish","type":"post","link":"https:\/\/pertinente.com.br\/site\/2020\/06\/08\/governo-faz-confusao-deliberada-com-numeros-da-covid-19-depois-de-ameacar-ocultar-dados-da-pandemia-no-brasil\/","title":{"rendered":"Governo faz confus\u00e3o deliberada com n\u00fameros da Covid-19, depois de amea\u00e7ar ocultar dados da pandemia no Brasil"},"content":{"rendered":"\n<figure class=\"wp-block-image size-large\"><img loading=\"lazy\" decoding=\"async\" width=\"540\" height=\"304\" src=\"https:\/\/pertinente.com.br\/site\/wp-content\/uploads\/2020\/06\/covid.jpg\" alt=\"\" class=\"wp-image-1325\" srcset=\"https:\/\/pertinente.com.br\/site\/wp-content\/uploads\/2020\/06\/covid.jpg 540w, https:\/\/pertinente.com.br\/site\/wp-content\/uploads\/2020\/06\/covid-300x169.jpg 300w\" sizes=\"(max-width: 540px) 100vw, 540px\" \/><\/figure>\n\n\n\n<p>Folha &#8211; Ap\u00f3s amea\u00e7ar sonegar dados, o\u00a0<a href=\"https:\/\/www1.folha.uol.com.br\/cotidiano\/2020\/06\/governo-nao-quer-esconder-os-dados-basta-somar-diz-mourao.shtml\">governo federal<\/a>\u00a0promoveu na noite deste domingo (7) uma grande confus\u00e3o em rela\u00e7\u00e3o aos n\u00fameros do impacto da Covid 19. Dois dados divergentes foram divulgados de casos confirmados e de mortes da doen\u00e7a foram divulgados em um intervalo de poucas horas.<\/p>\n\n\n\n<p>Por volta de 20h30, o\u00a0<a href=\"https:\/\/www1.folha.uol.com.br\/equilibrioesaude\/2020\/06\/apos-forte-pressao-governo-promete-recuar-e-manter-divulgacao-detalhada-de-dados-da-covid-19.shtml\">Minist\u00e9rio da Sa\u00fade divulgou o primeiro balan\u00e7o<\/a>, no qual informava que 1.382 mortes haviam sido registradas nas \u00faltimas 24 horas. O n\u00famero configuraria um recorde para domingo, dia da semana normalmente com menos confirma\u00e7\u00f5es de casos, uma vez que as equipes de sa\u00fade nos estados trabalham em regime de plant\u00e3o.<\/p>\n\n\n\n<p>Leia mais:<\/p>\n\n\n\n<p><a href=\"https:\/\/www1.folha.uol.com.br\/cotidiano\/2020\/06\/apos-ameacar-sonegar-dados-governo-promove-confusao-com-numeros-a-covid-19.shtml\">https:\/\/www1.folha.uol.com.br\/cotidiano\/2020\/06\/apos-ameacar-sonegar-dados-governo-promove-confusao-com-numeros-a-covid-19.shtml<\/a><\/p>\n","protected":false},"excerpt":{"rendered":"<p>Folha &#8211; Ap\u00f3s amea\u00e7ar sonegar dados, o\u00a0governo federal\u00a0promoveu na noite deste domingo (7) uma grande confus\u00e3o em rela\u00e7\u00e3o aos n\u00fameros do impacto da Covid 19. Dois dados divergentes foram divulgados de casos confirmados e de mortes da doen\u00e7a foram divulgados em um&hellip;<\/p>\n","protected":false},"author":1,"featured_media":1325,"comment_status":"open","ping_status":"open","sticky":false,"template":"","format":"standard","meta":{"footnotes":""},"categories":[4],"tags":[466,212,263],"_links":{"self":[{"href":"https:\/\/pertinente.com.br\/site\/wp-json\/wp\/v2\/posts\/1324"}],"collection":[{"href":"https:\/\/pertinente.com.br\/site\/wp-json\/wp\/v2\/posts"}],"about":[{"href":"https:\/\/pertinente.com.br\/site\/wp-json\/wp\/v2\/types\/post"}],"author":[{"embeddable":true,"href":"https:\/\/pertinente.com.br\/site\/wp-json\/wp\/v2\/users\/1"}],"replies":[{"embeddable":true,"href":"https:\/\/pertinente.com.br\/site\/wp-json\/wp\/v2\/comments?post=1324"}],"version-history":[{"count":1,"href":"https:\/\/pertinente.com.br\/site\/wp-json\/wp\/v2\/posts\/1324\/revisions"}],"predecessor-version":[{"id":1326,"href":"https:\/\/pertinente.com.br\/site\/wp-json\/wp\/v2\/posts\/1324\/revisions\/1326"}],"wp:featuredmedia":[{"embeddable":true,"href":"https:\/\/pertinente.com.br\/site\/wp-json\/wp\/v2\/media\/1325"}],"wp:attachment":[{"href":"https:\/\/pertinente.com.br\/site\/wp-json\/wp\/v2\/media?parent=1324"}],"wp:term":[{"taxonomy":"category","embeddable":true,"href":"https:\/\/pertinente.com.br\/site\/wp-json\/wp\/v2\/categories?post=1324"},{"taxonomy":"post_tag","embeddable":true,"href":"https:\/\/pertinente.com.br\/site\/wp-json\/wp\/v2\/tags?post=1324"}],"curies":[{"name":"wp","href":"https:\/\/api.w.org\/{rel}","templated":true}]}}