{"id":1327,"date":"2020-06-08T12:11:54","date_gmt":"2020-06-08T15:11:54","guid":{"rendered":"https:\/\/pertinente.com.br\/site\/?p=1327"},"modified":"2020-06-08T12:11:57","modified_gmt":"2020-06-08T15:11:57","slug":"atos-pela-democracia-elevam-tom-contra-o-racismo-no-brasil","status":"publish","type":"post","link":"https:\/\/pertinente.com.br\/site\/2020\/06\/08\/atos-pela-democracia-elevam-tom-contra-o-racismo-no-brasil\/","title":{"rendered":"Atos pela democracia elevam tom contra o racismo no Brasil"},"content":{"rendered":"\n<figure class=\"wp-block-image size-large\"><img loading=\"lazy\" decoding=\"async\" width=\"1024\" height=\"620\" src=\"https:\/\/pertinente.com.br\/site\/wp-content\/uploads\/2020\/06\/Manifestacao-1024x620.png\" alt=\"\" class=\"wp-image-1328\" srcset=\"https:\/\/pertinente.com.br\/site\/wp-content\/uploads\/2020\/06\/Manifestacao-1024x620.png 1024w, https:\/\/pertinente.com.br\/site\/wp-content\/uploads\/2020\/06\/Manifestacao-300x182.png 300w, https:\/\/pertinente.com.br\/site\/wp-content\/uploads\/2020\/06\/Manifestacao-768x465.png 768w, https:\/\/pertinente.com.br\/site\/wp-content\/uploads\/2020\/06\/Manifestacao.png 1083w\" sizes=\"(max-width: 1024px) 100vw, 1024px\" \/><figcaption>\u201cTenho mais medo do racismo que da pandemia\u201d<\/figcaption><\/figure>\n\n\n\n<p>Milhares de pessoas protestaram neste domingo\u00a0<a rel=\"noreferrer noopener\" href=\"https:\/\/brasil.elpais.com\/internacional\/2020-06-07\/reino-unido-protagoniza-os-protestos-mais-intensos-da-onda-global-contra-o-racismo.html\" target=\"_blank\">em todo o mundo contra o racismo<\/a>. No Brasil, n\u00e3o foi diferente. Em plena pandemia do novo coronav\u00edrus, que j\u00e1 matou mais de 36.000 pessoas e infectou mais de 690.000 no pa\u00eds,<a rel=\"noreferrer noopener\" href=\"https:\/\/brasil.elpais.com\/brasil\/2020\/06\/07\/album\/1591559939_532631.html\" target=\"_blank\">\u00a0manifestantes sa\u00edram \u00e0s ruas<\/a>, ignorando a recomenda\u00e7\u00e3o de que se evite aglomera\u00e7\u00f5es, para cobrar o fim da viol\u00eancia racista, levantar bandeiras antifascistas e defender a democracia brasileira, num contraponto aos protestos que ocorrem h\u00e1 semanas \u2015com a ades\u00e3o e apoio do presidente\u00a0<a rel=\"noreferrer noopener\" href=\"https:\/\/brasil.elpais.com\/noticias\/jair-messias-bolsonaro\/\" target=\"_blank\">Jair Bolsonaro<\/a>\u2015 pelo fechamento do Supremo Tribunal Federal e do Congresso Nacional. \u201cTenho mais medo do racismo do que da pandemia. Obviamente o coronav\u00edrus mata, mas\u00a0<a rel=\"noreferrer noopener\" href=\"https:\/\/brasil.elpais.com\/brasil\/2020-06-06\/vidas-negras-importam-chacoalha-parcela-de-brasileiros-entorpecida-pela-rotina-de-violencia-racista.html\" target=\"_blank\">o racismo \u00e9 muito cruel<\/a>\u201d, explicou Julia, uma jovem negra da zona sul de S\u00e3o Paulo, uma das dez cidades brasileiras onde houve protestos massivos. \u201cO que adianta ficar em casa se a maior parte da popula\u00e7\u00e3o negra n\u00e3o esta podendo ficar em quarentena?\u201d, justificou a designer T\u00e2nia Aquino, 26 anos, que tamb\u00e9m estava no Largo da Batata. Quem n\u00e3o foi \u00e0s ruas, foi \u00e0s janelas: houve panela\u00e7os em v\u00e1rias capitais. Tamb\u00e9m ocorreram alguns atos favor\u00e1veis a Bolsonaro, embora em propor\u00e7\u00e3o menor, nas cidades de S\u00e3o Paulo, Rio e Bras\u00edlia.<\/p>\n\n\n\n<p>Leia mais:<\/p>\n\n\n\n<p><a href=\"https:\/\/brasil.elpais.com\/brasil\/2020-06-08\/atos-pela-democracia-elevam-tom-contra-o-racismo-no-brasil.html\">https:\/\/brasil.elpais.com\/brasil\/2020-06-08\/atos-pela-democracia-elevam-tom-contra-o-racismo-no-brasil.html<\/a><\/p>\n","protected":false},"excerpt":{"rendered":"<p>Milhares de pessoas protestaram neste domingo\u00a0em todo o mundo contra o racismo. No Brasil, n\u00e3o foi diferente. Em plena pandemia do novo coronav\u00edrus, que j\u00e1 matou mais de 36.000 pessoas e infectou mais de 690.000 no pa\u00eds,\u00a0manifestantes sa\u00edram \u00e0s ruas, ignorando a&hellip;<\/p>\n","protected":false},"author":1,"featured_media":1328,"comment_status":"open","ping_status":"open","sticky":false,"template":"","format":"standard","meta":{"footnotes":""},"categories":[4],"tags":[467,14,28,146],"_links":{"self":[{"href":"https:\/\/pertinente.com.br\/site\/wp-json\/wp\/v2\/posts\/1327"}],"collection":[{"href":"https:\/\/pertinente.com.br\/site\/wp-json\/wp\/v2\/posts"}],"about":[{"href":"https:\/\/pertinente.com.br\/site\/wp-json\/wp\/v2\/types\/post"}],"author":[{"embeddable":true,"href":"https:\/\/pertinente.com.br\/site\/wp-json\/wp\/v2\/users\/1"}],"replies":[{"embeddable":true,"href":"https:\/\/pertinente.com.br\/site\/wp-json\/wp\/v2\/comments?post=1327"}],"version-history":[{"count":1,"href":"https:\/\/pertinente.com.br\/site\/wp-json\/wp\/v2\/posts\/1327\/revisions"}],"predecessor-version":[{"id":1329,"href":"https:\/\/pertinente.com.br\/site\/wp-json\/wp\/v2\/posts\/1327\/revisions\/1329"}],"wp:featuredmedia":[{"embeddable":true,"href":"https:\/\/pertinente.com.br\/site\/wp-json\/wp\/v2\/media\/1328"}],"wp:attachment":[{"href":"https:\/\/pertinente.com.br\/site\/wp-json\/wp\/v2\/media?parent=1327"}],"wp:term":[{"taxonomy":"category","embeddable":true,"href":"https:\/\/pertinente.com.br\/site\/wp-json\/wp\/v2\/categories?post=1327"},{"taxonomy":"post_tag","embeddable":true,"href":"https:\/\/pertinente.com.br\/site\/wp-json\/wp\/v2\/tags?post=1327"}],"curies":[{"name":"wp","href":"https:\/\/api.w.org\/{rel}","templated":true}]}}