{"id":1333,"date":"2020-06-10T16:35:54","date_gmt":"2020-06-10T19:35:54","guid":{"rendered":"https:\/\/pertinente.com.br\/site\/?p=1333"},"modified":"2020-06-10T16:35:57","modified_gmt":"2020-06-10T19:35:57","slug":"homem-com-biblia-e-faca-na-mao-invade-sede-da-rede-globo-no-rio-e-faz-reporter-refem","status":"publish","type":"post","link":"https:\/\/pertinente.com.br\/site\/2020\/06\/10\/homem-com-biblia-e-faca-na-mao-invade-sede-da-rede-globo-no-rio-e-faz-reporter-refem\/","title":{"rendered":"Homem com b\u00edblia e faca na m\u00e3o invade sede da Rede Globo no Rio e faz rep\u00f3rter ref\u00e9m"},"content":{"rendered":"\n<figure class=\"wp-block-image size-large\"><img loading=\"lazy\" decoding=\"async\" width=\"675\" height=\"405\" src=\"https:\/\/pertinente.com.br\/site\/wp-content\/uploads\/2020\/06\/20200610155214302621i.jpg\" alt=\"\" class=\"wp-image-1334\" srcset=\"https:\/\/pertinente.com.br\/site\/wp-content\/uploads\/2020\/06\/20200610155214302621i.jpg 675w, https:\/\/pertinente.com.br\/site\/wp-content\/uploads\/2020\/06\/20200610155214302621i-300x180.jpg 300w\" sizes=\"(max-width: 675px) 100vw, 675px\" \/><\/figure>\n\n\n\n<p>Um\u00a0<strong>homem armado com uma faca invadiu<\/strong>, nesta quarta-feira, 10\/06\/2020, a sede de jornalismo da\u00a0<strong>Rede Globo<\/strong>, no Jardim Bot\u00e2nico, Zona Sul do\u00a0<strong>Rio de Janeiro<\/strong>. O agressor fez a\u00a0<strong>rep\u00f3rter Mariana Ara\u00fajo ref\u00e9m e exigia falar com a jornalista e apresentadora do Jornal Nacional, Renata Vasconcellos,\u00a0<\/strong>antes de ser imobilizado e neutralizado.<\/p>\n\n\n\n<p>Segundo informa\u00e7\u00f5es de funcion\u00e1rios no local, o homem invadiu o complexo segurando uma b\u00edblia, aos gritos de &#8216;Globo lixo&#8217;, e armado com uma faca. <\/p>\n\n\n\n<p>Ainda conforme as informa\u00e7\u00f5es de quem trabalha na empresa, o agressor chegou a conversar com o diretor geral de jornalismo da Globo, Ali Kamel, em uma tentativa de negocia\u00e7\u00e3o por parte do executivo, antes de ser\u00a0<strong>contido pela seguran\u00e7a do local e preso pela pol\u00edcia<\/strong>.<\/p>\n\n\n\n<p>Leia mais:<\/p>\n\n\n\n<p><a href=\"https:\/\/www.em.com.br\/app\/noticia\/nacional\/2020\/06\/10\/interna_nacional,1155577\/homem-com-faca-invade-sede-da-rede-globo-no-rio-e-faz-reporter-refem.shtml\">https:\/\/www.em.com.br\/app\/noticia\/nacional\/2020\/06\/10\/interna_nacional,1155577\/homem-com-faca-invade-sede-da-rede-globo-no-rio-e-faz-reporter-refem.shtml<\/a><\/p>\n","protected":false},"excerpt":{"rendered":"<p>Um\u00a0homem armado com uma faca invadiu, nesta quarta-feira, 10\/06\/2020, a sede de jornalismo da\u00a0Rede Globo, no Jardim Bot\u00e2nico, Zona Sul do\u00a0Rio de Janeiro. O agressor fez a\u00a0rep\u00f3rter Mariana Ara\u00fajo ref\u00e9m e exigia falar com a jornalista e apresentadora do Jornal Nacional, Renata&hellip;<\/p>\n","protected":false},"author":1,"featured_media":1334,"comment_status":"open","ping_status":"open","sticky":false,"template":"","format":"standard","meta":{"footnotes":""},"categories":[4],"tags":[473,472,474,470,471],"_links":{"self":[{"href":"https:\/\/pertinente.com.br\/site\/wp-json\/wp\/v2\/posts\/1333"}],"collection":[{"href":"https:\/\/pertinente.com.br\/site\/wp-json\/wp\/v2\/posts"}],"about":[{"href":"https:\/\/pertinente.com.br\/site\/wp-json\/wp\/v2\/types\/post"}],"author":[{"embeddable":true,"href":"https:\/\/pertinente.com.br\/site\/wp-json\/wp\/v2\/users\/1"}],"replies":[{"embeddable":true,"href":"https:\/\/pertinente.com.br\/site\/wp-json\/wp\/v2\/comments?post=1333"}],"version-history":[{"count":1,"href":"https:\/\/pertinente.com.br\/site\/wp-json\/wp\/v2\/posts\/1333\/revisions"}],"predecessor-version":[{"id":1335,"href":"https:\/\/pertinente.com.br\/site\/wp-json\/wp\/v2\/posts\/1333\/revisions\/1335"}],"wp:featuredmedia":[{"embeddable":true,"href":"https:\/\/pertinente.com.br\/site\/wp-json\/wp\/v2\/media\/1334"}],"wp:attachment":[{"href":"https:\/\/pertinente.com.br\/site\/wp-json\/wp\/v2\/media?parent=1333"}],"wp:term":[{"taxonomy":"category","embeddable":true,"href":"https:\/\/pertinente.com.br\/site\/wp-json\/wp\/v2\/categories?post=1333"},{"taxonomy":"post_tag","embeddable":true,"href":"https:\/\/pertinente.com.br\/site\/wp-json\/wp\/v2\/tags?post=1333"}],"curies":[{"name":"wp","href":"https:\/\/api.w.org\/{rel}","templated":true}]}}