{"id":1338,"date":"2020-06-12T21:46:18","date_gmt":"2020-06-13T00:46:18","guid":{"rendered":"https:\/\/pertinente.com.br\/site\/2020\/06\/12\/havan-e-alvo-da-receita-por-sonegacao-de-r-25-milhoes\/"},"modified":"2020-06-12T21:46:18","modified_gmt":"2020-06-13T00:46:18","slug":"havan-e-alvo-da-receita-por-sonegacao-de-r-25-milhoes","status":"publish","type":"post","link":"https:\/\/pertinente.com.br\/site\/2020\/06\/12\/havan-e-alvo-da-receita-por-sonegacao-de-r-25-milhoes\/","title":{"rendered":"Havan \u00e9 alvo da Receita por sonega\u00e7\u00e3o de R$ 2,5 milh\u00f5es"},"content":{"rendered":"\n<figure class=\"wp-block-image size-large\"><img loading=\"lazy\" decoding=\"async\" width=\"461\" height=\"665\" src=\"https:\/\/pertinente.com.br\/site\/wp-content\/uploads\/2020\/06\/images-126363326441381381799..jpg\" alt=\"\" class=\"wp-image-1336\" srcset=\"https:\/\/pertinente.com.br\/site\/wp-content\/uploads\/2020\/06\/images-126363326441381381799..jpg 461w, https:\/\/pertinente.com.br\/site\/wp-content\/uploads\/2020\/06\/images-126363326441381381799.-208x300.jpg 208w\" sizes=\"(max-width: 461px) 100vw, 461px\" \/><\/figure>\n\n\n\n<p>A Receita Federal descobriu uma sonega\u00e7\u00e3o no valor corrigido de quase R$ 2,5 milh\u00f5es em contribui\u00e7\u00e3o previdenci\u00e1ria por parte da Havan, loja do empres\u00e1rio Luciano Hang, apoiador do presidente&nbsp;<a href=\"https:\/\/noticias.uol.com.br\/politica\/governo-bolsonaro\/\">Jair Bolsonaro<\/a>&nbsp;(sem partido). A informa\u00e7\u00e3o foi publicada hoje pelo jornal &#8220;O Estado de S. Paulo&#8221;.<\/p>\n\n\n\n<p>Segundo a publica\u00e7\u00e3o, o crime \u00e9 similar ao que levou Hang a ser condenado em segunda inst\u00e2ncia em 2003, quando ele fez um acordo para pagar o d\u00e9bito.<\/p>\n\n\n\n<p>Leia mais:<\/p>\n\n\n\n<p><a href=\"https:\/\/economia.uol.com.br\/noticias\/redacao\/2020\/06\/12\/dono-da-havan-e-alvo-da-receita-por-sonegacao-de-r-25-mi-diz-jornal.htm\">https:\/\/economia.uol.com.br\/noticias\/redacao\/2020\/06\/12\/dono-da-havan-e-alvo-da-receita-por-sonegacao-de-r-25-mi-diz-jornal.htm<\/a><\/p>\n","protected":false},"excerpt":{"rendered":"<p>A Receita Federal descobriu uma sonega\u00e7\u00e3o no valor corrigido de quase R$ 2,5 milh\u00f5es em contribui\u00e7\u00e3o previdenci\u00e1ria por parte da Havan, loja do empres\u00e1rio Luciano Hang, apoiador do presidente&nbsp;Jair Bolsonaro&nbsp;(sem partido). A informa\u00e7\u00e3o foi publicada hoje pelo jornal &#8220;O Estado de S.&hellip;<\/p>\n","protected":false},"author":1,"featured_media":1337,"comment_status":"open","ping_status":"open","sticky":false,"template":"","format":"standard","meta":{"footnotes":""},"categories":[4],"tags":[218,478,476,477,241,475],"_links":{"self":[{"href":"https:\/\/pertinente.com.br\/site\/wp-json\/wp\/v2\/posts\/1338"}],"collection":[{"href":"https:\/\/pertinente.com.br\/site\/wp-json\/wp\/v2\/posts"}],"about":[{"href":"https:\/\/pertinente.com.br\/site\/wp-json\/wp\/v2\/types\/post"}],"author":[{"embeddable":true,"href":"https:\/\/pertinente.com.br\/site\/wp-json\/wp\/v2\/users\/1"}],"replies":[{"embeddable":true,"href":"https:\/\/pertinente.com.br\/site\/wp-json\/wp\/v2\/comments?post=1338"}],"version-history":[{"count":0,"href":"https:\/\/pertinente.com.br\/site\/wp-json\/wp\/v2\/posts\/1338\/revisions"}],"wp:featuredmedia":[{"embeddable":true,"href":"https:\/\/pertinente.com.br\/site\/wp-json\/wp\/v2\/media\/1337"}],"wp:attachment":[{"href":"https:\/\/pertinente.com.br\/site\/wp-json\/wp\/v2\/media?parent=1338"}],"wp:term":[{"taxonomy":"category","embeddable":true,"href":"https:\/\/pertinente.com.br\/site\/wp-json\/wp\/v2\/categories?post=1338"},{"taxonomy":"post_tag","embeddable":true,"href":"https:\/\/pertinente.com.br\/site\/wp-json\/wp\/v2\/tags?post=1338"}],"curies":[{"name":"wp","href":"https:\/\/api.w.org\/{rel}","templated":true}]}}