{"id":1350,"date":"2020-06-15T09:42:48","date_gmt":"2020-06-15T12:42:48","guid":{"rendered":"https:\/\/pertinente.com.br\/site\/2020\/06\/15\/weintraub-chama-novamente-ministros-do-stf-de-vagabundos-dias-toffoli-promete-reacao\/"},"modified":"2020-06-15T09:42:48","modified_gmt":"2020-06-15T12:42:48","slug":"weintraub-chama-novamente-ministros-do-stf-de-vagabundos-dias-toffoli-promete-reacao","status":"publish","type":"post","link":"https:\/\/pertinente.com.br\/site\/2020\/06\/15\/weintraub-chama-novamente-ministros-do-stf-de-vagabundos-dias-toffoli-promete-reacao\/","title":{"rendered":"Weintraub chama novamente ministros do STF de vagabundos &#8211;  Dias Toffoli promete rea\u00e7\u00e3o"},"content":{"rendered":"\n<figure class=\"wp-block-image size-large\"><img loading=\"lazy\" decoding=\"async\" width=\"460\" height=\"305\" src=\"https:\/\/pertinente.com.br\/site\/wp-content\/uploads\/2020\/06\/stf-ministro-dias-toffoli-140520201422388314128320437855020930.jpeg\" alt=\"\" class=\"wp-image-1348\" srcset=\"https:\/\/pertinente.com.br\/site\/wp-content\/uploads\/2020\/06\/stf-ministro-dias-toffoli-140520201422388314128320437855020930.jpeg 460w, https:\/\/pertinente.com.br\/site\/wp-content\/uploads\/2020\/06\/stf-ministro-dias-toffoli-140520201422388314128320437855020930-300x199.jpeg 300w\" sizes=\"(max-width: 460px) 100vw, 460px\" \/><\/figure>\n\n\n\n<p>O&nbsp;<a href=\"https:\/\/noticias.r7.com\/brasil\/sem-mascara-weintraub-se-reune-com-manifestantes-em-brasilia-14062020\"><strong>encontro do ministro da Educa\u00e7\u00e3o, Abraham Weintraub, com manifestantes<\/strong><\/a>&nbsp;neste domingo (14), dia seguinte a um grupo ter&nbsp;<a href=\"https:\/\/noticias.r7.com\/brasil\/manifestantes-disparam-fogos-de-artificio-contra-predio-do-supremo-14062020\"><strong>lan\u00e7ado fogos de artif\u00edcio contra o STF<\/strong><\/a>, obrigou o presidente do Supremo, ministro Dias Toffoli, a subir o tom. &#8220;Recados mais duros est\u00e3o por vir&#8221;, disse ao blog um interlocutor de confian\u00e7a do ministro.<\/p>\n\n\n\n<p>Neste domingo, Toffoli repudiou o grupo de manifestantes que lan\u00e7ou fogos de artif\u00edcio em dire\u00e7\u00e3o ao pr\u00e9dio da Corte na noite de s\u00e1bado (13) em Bras\u00edlia. &#8220;<a href=\"https:\/\/noticias.r7.com\/prisma\/r7-planalto\/stf-jamais-se-sujeitara-a-nenhum-tipo-de-ameaca-diz-toffoli-apos-atos-14062020\"><strong>O Supremo jamais se sujeitar\u00e1<\/strong><\/a>, como n\u00e3o se sujeitou em toda a sua hist\u00f3ria, a nenhum tipo de amea\u00e7a, seja velada, indireta ou direta e continuar\u00e1 cumprindo sua miss\u00e3o\u201d, afirmou Toffoli.<\/p>\n\n\n\n<p>O governador Ibaneis ficou furioso com o desrespeito a seu decreto e prometeu ao STF uma resposta \u00e0 altura. Neste domingo, ele<strong>\u00a0<\/strong><strong><a href=\"https:\/\/noticias.r7.com\/prisma\/christina-lemos\/apos-fogos-no-stf-governador-do-df-demite-subcomandante-da-pm-14062020\">exonerou o subcomandante da Pol\u00edcia Militar do Distrito Federal<\/a><\/strong>, coronel S\u00e9rgio Luiz Ferreira de Souza, por ter permitido que manifestantes disparassem os fogos de artif\u00edcio contra o Supremo, o que ele considerou \u201cerro grosseiro e prim\u00e1rio\u201d da PM. &#8220;A Pol\u00edcia Militar do DF deve servir, no m\u00ednimo, para resguardar os cidad\u00e3os e as institui\u00e7\u00f5es da capital federal. Se n\u00e3o fez isso, errou grosseiramente\u201d, disse \u00e0 Record TV. A decis\u00e3o de exonerar o coronel Souza foi tomada pela manh\u00e3 e o decreto, assinado \u00e0 tarde.<\/p>\n\n\n\n<p>Leia mais:<\/p>\n\n\n\n<p><a href=\"https:\/\/noticias.r7.com\/brasil\/sem-mascara-weintraub-se-reune-com-manifestantes-em-brasilia-14062020?utm_source=taboola\">https:\/\/noticias.r7.com\/brasil\/sem-mascara-weintraub-se-reune-com-manifestantes-em-brasilia-14062020?utm_source=taboola<\/a><\/p>\n","protected":false},"excerpt":{"rendered":"<p>O&nbsp;encontro do ministro da Educa\u00e7\u00e3o, Abraham Weintraub, com manifestantes&nbsp;neste domingo (14), dia seguinte a um grupo ter&nbsp;lan\u00e7ado fogos de artif\u00edcio contra o STF, obrigou o presidente do Supremo, ministro Dias Toffoli, a subir o tom. &#8220;Recados mais duros est\u00e3o por vir&#8221;, disse&hellip;<\/p>\n","protected":false},"author":1,"featured_media":1349,"comment_status":"open","ping_status":"open","sticky":false,"template":"","format":"standard","meta":{"footnotes":""},"categories":[4],"tags":[66,485,391],"_links":{"self":[{"href":"https:\/\/pertinente.com.br\/site\/wp-json\/wp\/v2\/posts\/1350"}],"collection":[{"href":"https:\/\/pertinente.com.br\/site\/wp-json\/wp\/v2\/posts"}],"about":[{"href":"https:\/\/pertinente.com.br\/site\/wp-json\/wp\/v2\/types\/post"}],"author":[{"embeddable":true,"href":"https:\/\/pertinente.com.br\/site\/wp-json\/wp\/v2\/users\/1"}],"replies":[{"embeddable":true,"href":"https:\/\/pertinente.com.br\/site\/wp-json\/wp\/v2\/comments?post=1350"}],"version-history":[{"count":0,"href":"https:\/\/pertinente.com.br\/site\/wp-json\/wp\/v2\/posts\/1350\/revisions"}],"wp:featuredmedia":[{"embeddable":true,"href":"https:\/\/pertinente.com.br\/site\/wp-json\/wp\/v2\/media\/1349"}],"wp:attachment":[{"href":"https:\/\/pertinente.com.br\/site\/wp-json\/wp\/v2\/media?parent=1350"}],"wp:term":[{"taxonomy":"category","embeddable":true,"href":"https:\/\/pertinente.com.br\/site\/wp-json\/wp\/v2\/categories?post=1350"},{"taxonomy":"post_tag","embeddable":true,"href":"https:\/\/pertinente.com.br\/site\/wp-json\/wp\/v2\/tags?post=1350"}],"curies":[{"name":"wp","href":"https:\/\/api.w.org\/{rel}","templated":true}]}}