{"id":1351,"date":"2020-06-15T19:43:42","date_gmt":"2020-06-15T22:43:42","guid":{"rendered":"https:\/\/pertinente.com.br\/site\/?p=1351"},"modified":"2020-06-15T20:51:52","modified_gmt":"2020-06-15T23:51:52","slug":"irmao-afirma-que-sara-winter-nao-pode-viver-em-sociedade-e-se-diz-feliz-com-prisao","status":"publish","type":"post","link":"https:\/\/pertinente.com.br\/site\/2020\/06\/15\/irmao-afirma-que-sara-winter-nao-pode-viver-em-sociedade-e-se-diz-feliz-com-prisao\/","title":{"rendered":"Irm\u00e3o afirma que Sara Giromini n\u00e3o pode viver em sociedade e se diz que ela armou a pr\u00f3pria pris\u00e3o"},"content":{"rendered":"\n<figure class=\"wp-block-image size-large\"><img loading=\"lazy\" decoding=\"async\" width=\"820\" height=\"461\" src=\"https:\/\/pertinente.com.br\/site\/wp-content\/uploads\/2020\/06\/EajSKsMWkAAqVO_.jpg\" alt=\"\" class=\"wp-image-1353\" srcset=\"https:\/\/pertinente.com.br\/site\/wp-content\/uploads\/2020\/06\/EajSKsMWkAAqVO_.jpg 820w, https:\/\/pertinente.com.br\/site\/wp-content\/uploads\/2020\/06\/EajSKsMWkAAqVO_-300x169.jpg 300w, https:\/\/pertinente.com.br\/site\/wp-content\/uploads\/2020\/06\/EajSKsMWkAAqVO_-768x432.jpg 768w\" sizes=\"(max-width: 820px) 100vw, 820px\" \/><figcaption>Diego Giromini classificou a a\u00e7\u00e3o da PF como &#8216;extremamente positiva&#8217; e comparou Sara a Suzane von Richtofen<\/figcaption><\/figure>\n\n\n\n<p>Ao saber que sua irm\u00e3, Sara Giromini, que se auto denomina &#8216;Sara Winter&#8217;, l\u00edder do grupo armado de extrema direita &#8220;300 do Brasil&#8221;,\u00a0<a href=\"https:\/\/www1.folha.uol.com.br\/colunas\/painel\/2020\/06\/sara-winter-ativista-do-movimento-300-do-brasil-e-presa-pela-pf-em-brasilia.shtml\">havia sido presa<\/a>\u00a0nesta segunda-feira (15), Diego Giromini, 37, comemorou.<\/p>\n\n\n\n<p>Segundo ele, Sara n\u00e3o pode viver em sociedade, pois prejudica tudo o que toca: a fam\u00edlia, a pol\u00edtica, o pa\u00eds.<\/p>\n\n\n\n<p>&#8220;Como sou brasileiro e eu quero um pa\u00eds melhor, a not\u00edcia foi extremamente positiva. \u00c9 uma pessoa totalmente descontrolada, s\u00f3 quer aparecer na m\u00eddia. N\u00e3o serve para nada. \u00c9 uma sociopata. Ela tem a cabe\u00e7a da Suzane von Richtofen&#8221;, afirma Diego, que \u00e9 ex-atleta de MMA e hoje trabalha como motorista particular em S\u00e3o Carlos.<\/p>\n\n\n\n<p>Sara \u00e9 uma das investigadas no&nbsp;<a href=\"https:\/\/www1.folha.uol.com.br\/poder\/2020\/05\/inquerito-no-stf-mira-operadores-de-ataques-aliados-de-bolsonaro-e-financiadores-entenda.shtml\">inqu\u00e9rito das fake news<\/a>. A pris\u00e3o, no entanto, saiu de outro inqu\u00e9rito, do que&nbsp;<a href=\"https:\/\/www1.folha.uol.com.br\/poder\/2020\/04\/entenda-investigacao-de-atos-pro-golpe-que-levou-a-prisao-de-ativista-bolsonarista.shtml\">apura a realiza\u00e7\u00e3o de atos antidemocr\u00e1ticos<\/a>, sob relatoria do ministro Alexandre Moraes, do STF, assim como o outro.<\/p>\n\n\n\n<p>Diego diz que as a\u00e7\u00f5es da irm\u00e3 s\u00e3o movidas pelo desejo por dinheiro e fama. &#8220;\u00c9 desse jeito desde pequenininha&#8221;.<\/p>\n\n\n\n<p>Em sua vis\u00e3o, Sara &#8220;quis ser presa&#8221; e bolou uma estrat\u00e9gia para isso. &#8220;Ela j\u00e1 deve saber quantos dias vai ficar presa, vai ficar mais famosa. Ela vai querer ser chamada de presa pol\u00edtica&#8221;, completa.<\/p>\n\n\n\n<p>Ele diz que o desgosto com as atitudes de Sara n\u00e3o partem apenas dele, mas de toda a fam\u00edlia.<\/p>\n\n\n\n<p>&#8220;Meus pais n\u00e3o v\u00e3o ficar felizes como eu [com a pris\u00e3o], mas acho que tamb\u00e9m n\u00e3o v\u00e3o ficar chateados, porque j\u00e1 esperavam isso dela. At\u00e9 j\u00e1 cansaram&#8221;, explica. &#8220;\u00c9 uma pessoa extremamente agressiva. Voc\u00ea d\u00e1 um conselho para ela e ela acha que n\u00e3o \u00e9 certo, ela come\u00e7a a brigar, a agredir at\u00e9 fisicamente. \u00c9 uma pessoa que n\u00e3o pode viver na sociedade&#8221;, diz.<\/p>\n\n\n\n<p>Diego se aborrece ao falar da rela\u00e7\u00e3o de Sara com o filho de 4 anos.<\/p>\n\n\n\n<p>&#8220;A cada 15 dias a Sara exige que a minha m\u00e3e v\u00e1 at\u00e9 Bras\u00edlia para fazer stories [no Instagram]. Ela n\u00e3o pede, exige. Os seguidores cobram &#8216;cad\u00ea seu filho&#8217;. Quando ela se sente amea\u00e7ada, exige que minha m\u00e3e v\u00e1 at\u00e9 l\u00e1 levar o filho dela. E ent\u00e3o minha m\u00e3e fecha o estabelecimento dela e viaja para l\u00e1&#8221;, descreve.<\/p>\n\n\n\n<p>Segundo ele, o menino \u00e9 criado pelos av\u00f3s desde que nasceu.<\/p>\n\n\n\n<p>Leia mais:<\/p>\n\n\n\n<p><a href=\"https:\/\/www1.folha.uol.com.br\/colunas\/painel\/2020\/06\/irmao-afirma-que-sara-winter-nao-pode-viver-em-sociedade-e-se-diz-feliz-com-prisao.shtml\">https:\/\/www1.folha.uol.com.br\/colunas\/painel\/2020\/06\/irmao-afirma-que-sara-winter-nao-pode-viver-em-sociedade-e-se-diz-feliz-com-prisao.shtml<\/a><\/p>\n","protected":false},"excerpt":{"rendered":"<p>Ao saber que sua irm\u00e3, Sara Giromini, que se auto denomina &#8216;Sara Winter&#8217;, l\u00edder do grupo armado de extrema direita &#8220;300 do Brasil&#8221;,\u00a0havia sido presa\u00a0nesta segunda-feira (15), Diego Giromini, 37, comemorou. Segundo ele, Sara n\u00e3o pode viver em sociedade, pois prejudica tudo&hellip;<\/p>\n","protected":false},"author":1,"featured_media":1353,"comment_status":"open","ping_status":"open","sticky":false,"template":"","format":"standard","meta":{"footnotes":""},"categories":[4],"tags":[487,486,71],"_links":{"self":[{"href":"https:\/\/pertinente.com.br\/site\/wp-json\/wp\/v2\/posts\/1351"}],"collection":[{"href":"https:\/\/pertinente.com.br\/site\/wp-json\/wp\/v2\/posts"}],"about":[{"href":"https:\/\/pertinente.com.br\/site\/wp-json\/wp\/v2\/types\/post"}],"author":[{"embeddable":true,"href":"https:\/\/pertinente.com.br\/site\/wp-json\/wp\/v2\/users\/1"}],"replies":[{"embeddable":true,"href":"https:\/\/pertinente.com.br\/site\/wp-json\/wp\/v2\/comments?post=1351"}],"version-history":[{"count":2,"href":"https:\/\/pertinente.com.br\/site\/wp-json\/wp\/v2\/posts\/1351\/revisions"}],"predecessor-version":[{"id":1355,"href":"https:\/\/pertinente.com.br\/site\/wp-json\/wp\/v2\/posts\/1351\/revisions\/1355"}],"wp:featuredmedia":[{"embeddable":true,"href":"https:\/\/pertinente.com.br\/site\/wp-json\/wp\/v2\/media\/1353"}],"wp:attachment":[{"href":"https:\/\/pertinente.com.br\/site\/wp-json\/wp\/v2\/media?parent=1351"}],"wp:term":[{"taxonomy":"category","embeddable":true,"href":"https:\/\/pertinente.com.br\/site\/wp-json\/wp\/v2\/categories?post=1351"},{"taxonomy":"post_tag","embeddable":true,"href":"https:\/\/pertinente.com.br\/site\/wp-json\/wp\/v2\/tags?post=1351"}],"curies":[{"name":"wp","href":"https:\/\/api.w.org\/{rel}","templated":true}]}}