{"id":1358,"date":"2020-06-16T13:15:03","date_gmt":"2020-06-16T16:15:03","guid":{"rendered":"https:\/\/pertinente.com.br\/site\/2020\/06\/16\/alvo-da-pf-vice-presidente-do-partido-que-bolsonaro-esta-criando-ajudou-a-organizar-ato-antidemocratico\/"},"modified":"2020-06-16T13:15:03","modified_gmt":"2020-06-16T16:15:03","slug":"alvo-da-pf-vice-presidente-do-partido-que-bolsonaro-esta-criando-ajudou-a-organizar-ato-antidemocratico","status":"publish","type":"post","link":"https:\/\/pertinente.com.br\/site\/2020\/06\/16\/alvo-da-pf-vice-presidente-do-partido-que-bolsonaro-esta-criando-ajudou-a-organizar-ato-antidemocratico\/","title":{"rendered":"Alvo da PF, vice-presidente do partido que Bolsonaro est\u00e1 criando ajudou a organizar ato antidemocr\u00e1tico"},"content":{"rendered":"\n<figure class=\"wp-block-image size-large\"><img loading=\"lazy\" decoding=\"async\" width=\"328\" height=\"185\" src=\"https:\/\/pertinente.com.br\/site\/wp-content\/uploads\/2020\/06\/alvo-da-pf-vice-presidente-do-alianca-ajudou-a-organizar-ato-antidemocratico6747517068319238306.jpg\" alt=\"\" class=\"wp-image-1356\" srcset=\"https:\/\/pertinente.com.br\/site\/wp-content\/uploads\/2020\/06\/alvo-da-pf-vice-presidente-do-alianca-ajudou-a-organizar-ato-antidemocratico6747517068319238306.jpg 328w, https:\/\/pertinente.com.br\/site\/wp-content\/uploads\/2020\/06\/alvo-da-pf-vice-presidente-do-alianca-ajudou-a-organizar-ato-antidemocratico6747517068319238306-300x169.jpg 300w\" sizes=\"(max-width: 328px) 100vw, 328px\" \/><\/figure>\n\n\n\n<p>Um dos alvos da opera\u00e7\u00e3o da Pol\u00edcia Federal (PF) desta ter\u00e7a-feira, 16, o empres\u00e1rio Lu\u00eds Fernando Belmonte auxiliou na organiza\u00e7\u00e3o de ao menos um dos atos antidemocr\u00e1ticos realizados em Bras\u00edlia, com defesa do fechamento do Congresso Nacional e do Supremo Tribunal Federal (STF).<\/p>\n\n\n\n<p>Belmonte \u00e9 o segundo vice-presidente do<a href=\"https:\/\/diariodonordeste.verdesmares.com.br\/noticias\/tag\/Alian%C3%A7a%20Pelo%20Brasil\">&nbsp;Alian\u00e7a pelo Brasil<\/a>, partido que o presidente Jair Bolsonaro tenta tirar do papel.<\/p>\n\n\n\n<p>Como revelou o Estad\u00e3o em maio, a legenda em forma\u00e7\u00e3o serviu de ponte para os diferentes grupos que se mobilizaram para fazer a manifesta\u00e7\u00e3o se organizassem. Em entrevista na \u00e9poca, Belmonte disse que n\u00e3o colocou nenhum centavo no evento, que prestou ajuda apenas como cidad\u00e3o, e n\u00e3o como representante do partido.<\/p>\n\n\n\n<p>Leia mais:<\/p>\n\n\n\n<p><a href=\"https:\/\/diariodonordeste.verdesmares.com.br\/politica\/alvo-da-pf-vice-presidente-do-alianca-ajudou-a-organizar-ato-antidemocratico-1.2955955\">https:\/\/diariodonordeste.verdesmares.com.br\/politica\/alvo-da-pf-vice-presidente-do-alianca-ajudou-a-organizar-ato-antidemocratico-1.2955955<\/a><\/p>\n","protected":false},"excerpt":{"rendered":"<p>Um dos alvos da opera\u00e7\u00e3o da Pol\u00edcia Federal (PF) desta ter\u00e7a-feira, 16, o empres\u00e1rio Lu\u00eds Fernando Belmonte auxiliou na organiza\u00e7\u00e3o de ao menos um dos atos antidemocr\u00e1ticos realizados em Bras\u00edlia, com defesa do fechamento do Congresso Nacional e do Supremo Tribunal Federal&hellip;<\/p>\n","protected":false},"author":1,"featured_media":1357,"comment_status":"open","ping_status":"open","sticky":false,"template":"","format":"standard","meta":{"footnotes":""},"categories":[4],"tags":[488,490,489,218,491],"_links":{"self":[{"href":"https:\/\/pertinente.com.br\/site\/wp-json\/wp\/v2\/posts\/1358"}],"collection":[{"href":"https:\/\/pertinente.com.br\/site\/wp-json\/wp\/v2\/posts"}],"about":[{"href":"https:\/\/pertinente.com.br\/site\/wp-json\/wp\/v2\/types\/post"}],"author":[{"embeddable":true,"href":"https:\/\/pertinente.com.br\/site\/wp-json\/wp\/v2\/users\/1"}],"replies":[{"embeddable":true,"href":"https:\/\/pertinente.com.br\/site\/wp-json\/wp\/v2\/comments?post=1358"}],"version-history":[{"count":1,"href":"https:\/\/pertinente.com.br\/site\/wp-json\/wp\/v2\/posts\/1358\/revisions"}],"predecessor-version":[{"id":1359,"href":"https:\/\/pertinente.com.br\/site\/wp-json\/wp\/v2\/posts\/1358\/revisions\/1359"}],"wp:featuredmedia":[{"embeddable":true,"href":"https:\/\/pertinente.com.br\/site\/wp-json\/wp\/v2\/media\/1357"}],"wp:attachment":[{"href":"https:\/\/pertinente.com.br\/site\/wp-json\/wp\/v2\/media?parent=1358"}],"wp:term":[{"taxonomy":"category","embeddable":true,"href":"https:\/\/pertinente.com.br\/site\/wp-json\/wp\/v2\/categories?post=1358"},{"taxonomy":"post_tag","embeddable":true,"href":"https:\/\/pertinente.com.br\/site\/wp-json\/wp\/v2\/tags?post=1358"}],"curies":[{"name":"wp","href":"https:\/\/api.w.org\/{rel}","templated":true}]}}