{"id":1361,"date":"2020-06-18T07:03:37","date_gmt":"2020-06-18T10:03:37","guid":{"rendered":"https:\/\/pertinente.com.br\/site\/?p=1361"},"modified":"2020-06-18T07:07:14","modified_gmt":"2020-06-18T10:07:14","slug":"fabricio-queiroz-ex-assessor-de-flavio-bolsonaro-e-preso","status":"publish","type":"post","link":"https:\/\/pertinente.com.br\/site\/2020\/06\/18\/fabricio-queiroz-ex-assessor-de-flavio-bolsonaro-e-preso\/","title":{"rendered":"Fabr\u00edcio Queiroz, ex-assessor de Fl\u00e1vio Bolsonaro, \u00e9 preso"},"content":{"rendered":"\n<figure class=\"wp-block-image size-large\"><img loading=\"lazy\" decoding=\"async\" width=\"690\" height=\"395\" src=\"https:\/\/pertinente.com.br\/site\/wp-content\/uploads\/2020\/06\/flavio-bolsonaro-sabia-de-operacao-da-pf-contra-queiroz-diz-empresario-queiroz2041793864504146589.jpg\" alt=\"\" class=\"wp-image-1360\" srcset=\"https:\/\/pertinente.com.br\/site\/wp-content\/uploads\/2020\/06\/flavio-bolsonaro-sabia-de-operacao-da-pf-contra-queiroz-diz-empresario-queiroz2041793864504146589.jpg 690w, https:\/\/pertinente.com.br\/site\/wp-content\/uploads\/2020\/06\/flavio-bolsonaro-sabia-de-operacao-da-pf-contra-queiroz-diz-empresario-queiroz2041793864504146589-300x172.jpg 300w\" sizes=\"(max-width: 690px) 100vw, 690px\" \/><\/figure>\n\n\n\n<p class=\"bodytext\">Fabr\u00edcio Queiroz, ex-assessor do deputado Fl\u00e1vio Bolsonaro foi preso em Atibaia, no interior de S\u00e3o Paulo, na manh\u00e3 desta quinta-feira (18).<\/p>\n\n\n\n<p class=\"bodytext\">Segundo informa\u00e7\u00f5es do G1, ele estava no im\u00f3vel do advogado do parlamentar. Os mandados de busca e apreens\u00e3o foram expedidos em uma desdobramento da investiga\u00e7\u00e3o do esquema de &#8220;rachadinhas&#8221; na Assembleia do Rio de Janeiro.<\/p>\n\n\n\n<p class=\"bodytext\">A pris\u00e3o foi feita numa opera\u00e7\u00e3o da Pol\u00edcia Civil e o Minist\u00e9rio P\u00fablico de S\u00e3o Paulo.<\/p>\n\n\n\n<p>Leia mais:<\/p>\n\n\n\n<p><a href=\"https:\/\/g1.globo.com\/sp\/sao-paulo\/noticia\/2020\/06\/18\/fabricio-de-queiroz-e-preso.ghtml?utm_source=push&amp;utm_medium=app&amp;utm_campaign=pushg1\">https:\/\/g1.globo.com\/sp\/sao-paulo\/noticia\/2020\/06\/18\/fabricio-de-queiroz-e-preso.ghtml?utm_source=push&amp;utm_medium=app&amp;utm_campaign=pushg1<\/a><\/p>\n","protected":false},"excerpt":{"rendered":"<p>Fabr\u00edcio Queiroz, ex-assessor do deputado Fl\u00e1vio Bolsonaro foi preso em Atibaia, no interior de S\u00e3o Paulo, na manh\u00e3 desta quinta-feira (18). Segundo informa\u00e7\u00f5es do G1, ele estava no im\u00f3vel do advogado do parlamentar. Os mandados de busca e apreens\u00e3o foram expedidos em&hellip;<\/p>\n","protected":false},"author":1,"featured_media":1362,"comment_status":"open","ping_status":"open","sticky":false,"template":"","format":"standard","meta":{"footnotes":""},"categories":[4],"tags":[218,98,492,181,438,437],"_links":{"self":[{"href":"https:\/\/pertinente.com.br\/site\/wp-json\/wp\/v2\/posts\/1361"}],"collection":[{"href":"https:\/\/pertinente.com.br\/site\/wp-json\/wp\/v2\/posts"}],"about":[{"href":"https:\/\/pertinente.com.br\/site\/wp-json\/wp\/v2\/types\/post"}],"author":[{"embeddable":true,"href":"https:\/\/pertinente.com.br\/site\/wp-json\/wp\/v2\/users\/1"}],"replies":[{"embeddable":true,"href":"https:\/\/pertinente.com.br\/site\/wp-json\/wp\/v2\/comments?post=1361"}],"version-history":[{"count":2,"href":"https:\/\/pertinente.com.br\/site\/wp-json\/wp\/v2\/posts\/1361\/revisions"}],"predecessor-version":[{"id":1364,"href":"https:\/\/pertinente.com.br\/site\/wp-json\/wp\/v2\/posts\/1361\/revisions\/1364"}],"wp:featuredmedia":[{"embeddable":true,"href":"https:\/\/pertinente.com.br\/site\/wp-json\/wp\/v2\/media\/1362"}],"wp:attachment":[{"href":"https:\/\/pertinente.com.br\/site\/wp-json\/wp\/v2\/media?parent=1361"}],"wp:term":[{"taxonomy":"category","embeddable":true,"href":"https:\/\/pertinente.com.br\/site\/wp-json\/wp\/v2\/categories?post=1361"},{"taxonomy":"post_tag","embeddable":true,"href":"https:\/\/pertinente.com.br\/site\/wp-json\/wp\/v2\/tags?post=1361"}],"curies":[{"name":"wp","href":"https:\/\/api.w.org\/{rel}","templated":true}]}}