{"id":1365,"date":"2020-06-18T16:30:35","date_gmt":"2020-06-18T19:30:35","guid":{"rendered":"https:\/\/pertinente.com.br\/site\/?p=1365"},"modified":"2020-06-18T16:30:37","modified_gmt":"2020-06-18T19:30:37","slug":"weintraub-e-demitido-do-ministerio-da-educacao-apos-pressao-do-supremo","status":"publish","type":"post","link":"https:\/\/pertinente.com.br\/site\/2020\/06\/18\/weintraub-e-demitido-do-ministerio-da-educacao-apos-pressao-do-supremo\/","title":{"rendered":"Weintraub \u00e9 demitido do Minist\u00e9rio da Educa\u00e7\u00e3o ap\u00f3s press\u00e3o do Supremo"},"content":{"rendered":"\n<figure class=\"wp-block-image size-large\"><img loading=\"lazy\" decoding=\"async\" width=\"715\" height=\"429\" src=\"https:\/\/pertinente.com.br\/site\/wp-content\/uploads\/2020\/06\/images-5.jpg\" alt=\"\" class=\"wp-image-1368\" srcset=\"https:\/\/pertinente.com.br\/site\/wp-content\/uploads\/2020\/06\/images-5.jpg 715w, https:\/\/pertinente.com.br\/site\/wp-content\/uploads\/2020\/06\/images-5-300x180.jpg 300w\" sizes=\"(max-width: 715px) 100vw, 715px\" \/><figcaption>Agora ex-ministro \u00e9 alvo de inqu\u00e9rito das fake news no STF<\/figcaption><\/figure>\n\n\n\n<p>Foi anunciada nesta quinta-feira (18) a demiss\u00e3o de Abraham Weintraub do Minist\u00e9rio da Educa\u00e7\u00e3o.<\/p>\n\n\n\n<p>A queda foi confirmada em um v\u00eddeo publicado em rede social em que os dois comunicam a exonera\u00e7\u00e3o.<\/p>\n\n\n\n<p>Na grava\u00e7\u00e3o, Weintraub disse que &#8220;desta vez \u00e9 verdade&#8221; a sua sa\u00edda. &#8220;N\u00e3o quero discutir os motivos de minha sa\u00edda&#8221;, afirmou. Ele disse recebido um convite para ser diretor do Banco Mundial.<\/p>\n\n\n\n<p>Bolsonaro falou pouco. Apenas disse que \u00e9 um &#8220;momento dif\u00edcil&#8221;. &#8220;A confian\u00e7a voc\u00ea n\u00e3o compra, voc\u00ea adquire&#8221;, disse. N\u00e3o foi anunciado um sucessor no comando do MEC. Weintraub afirmou que participar\u00e1 de uma transi\u00e7\u00e3o no cargo.<\/p>\n\n\n\n<p>Weintraub cai ap\u00f3s um longo desgaste pol\u00edtico com os ministros do STF (Supremo Tribunal Federal), agravado com o epis\u00f3dio do \u00faltimo domingo (14) em que compareceu a um protesto em Bras\u00edlia de apoiadores do governo.<\/p>\n\n\n\n<p>Leia mais:<\/p>\n\n\n\n<p><a href=\"https:\/\/www1.folha.uol.com.br\/poder\/2020\/06\/apos-pressao-do-supremo-bolsonaro-demite-weintraub-do-ministerio-da-educacao.shtml\">https:\/\/www1.folha.uol.com.br\/poder\/2020\/06\/apos-pressao-do-supremo-bolsonaro-demite-weintraub-do-ministerio-da-educacao.shtml<\/a><\/p>\n","protected":false},"excerpt":{"rendered":"<p>Foi anunciada nesta quinta-feira (18) a demiss\u00e3o de Abraham Weintraub do Minist\u00e9rio da Educa\u00e7\u00e3o. A queda foi confirmada em um v\u00eddeo publicado em rede social em que os dois comunicam a exonera\u00e7\u00e3o. Na grava\u00e7\u00e3o, Weintraub disse que &#8220;desta vez \u00e9 verdade&#8221; a&hellip;<\/p>\n","protected":false},"author":1,"featured_media":1368,"comment_status":"open","ping_status":"open","sticky":false,"template":"","format":"standard","meta":{"footnotes":""},"categories":[4],"tags":[372,391],"_links":{"self":[{"href":"https:\/\/pertinente.com.br\/site\/wp-json\/wp\/v2\/posts\/1365"}],"collection":[{"href":"https:\/\/pertinente.com.br\/site\/wp-json\/wp\/v2\/posts"}],"about":[{"href":"https:\/\/pertinente.com.br\/site\/wp-json\/wp\/v2\/types\/post"}],"author":[{"embeddable":true,"href":"https:\/\/pertinente.com.br\/site\/wp-json\/wp\/v2\/users\/1"}],"replies":[{"embeddable":true,"href":"https:\/\/pertinente.com.br\/site\/wp-json\/wp\/v2\/comments?post=1365"}],"version-history":[{"count":1,"href":"https:\/\/pertinente.com.br\/site\/wp-json\/wp\/v2\/posts\/1365\/revisions"}],"predecessor-version":[{"id":1369,"href":"https:\/\/pertinente.com.br\/site\/wp-json\/wp\/v2\/posts\/1365\/revisions\/1369"}],"wp:featuredmedia":[{"embeddable":true,"href":"https:\/\/pertinente.com.br\/site\/wp-json\/wp\/v2\/media\/1368"}],"wp:attachment":[{"href":"https:\/\/pertinente.com.br\/site\/wp-json\/wp\/v2\/media?parent=1365"}],"wp:term":[{"taxonomy":"category","embeddable":true,"href":"https:\/\/pertinente.com.br\/site\/wp-json\/wp\/v2\/categories?post=1365"},{"taxonomy":"post_tag","embeddable":true,"href":"https:\/\/pertinente.com.br\/site\/wp-json\/wp\/v2\/tags?post=1365"}],"curies":[{"name":"wp","href":"https:\/\/api.w.org\/{rel}","templated":true}]}}