{"id":1372,"date":"2020-06-19T07:45:33","date_gmt":"2020-06-19T10:45:33","guid":{"rendered":"https:\/\/pertinente.com.br\/site\/2020\/06\/19\/cerco-contra-queiroz-empareda-bolsonaro-que-teme-delacao-de-aliado\/"},"modified":"2020-06-19T07:45:33","modified_gmt":"2020-06-19T10:45:33","slug":"cerco-contra-queiroz-empareda-bolsonaro-que-teme-delacao-de-aliado","status":"publish","type":"post","link":"https:\/\/pertinente.com.br\/site\/2020\/06\/19\/cerco-contra-queiroz-empareda-bolsonaro-que-teme-delacao-de-aliado\/","title":{"rendered":"Cerco contra Queiroz empareda Bolsonaro, que teme dela\u00e7\u00e3o de aliado"},"content":{"rendered":"\n<figure class=\"wp-block-image size-large\"><img loading=\"lazy\" decoding=\"async\" width=\"768\" height=\"459\" src=\"https:\/\/pertinente.com.br\/site\/wp-content\/uploads\/2020\/06\/fvhgs57u6rho7n7upp5gtzc4xa2234256689935061767.jpg\" alt=\"\" class=\"wp-image-1370\" srcset=\"https:\/\/pertinente.com.br\/site\/wp-content\/uploads\/2020\/06\/fvhgs57u6rho7n7upp5gtzc4xa2234256689935061767.jpg 768w, https:\/\/pertinente.com.br\/site\/wp-content\/uploads\/2020\/06\/fvhgs57u6rho7n7upp5gtzc4xa2234256689935061767-300x179.jpg 300w\" sizes=\"(max-width: 768px) 100vw, 768px\" \/><\/figure>\n\n\n\n<p>El Pa\u00eds &#8211; Um abatido Jair Bolsonaro iniciou sua\u00a0<em>live<\/em>\u00a0semanal no Facebook nesta quinta-feira com uma breve refer\u00eancia \u00e0\u00a0<a rel=\"noreferrer noopener\" href=\"https:\/\/brasil.elpais.com\/brasil\/2020-06-18\/prisao-de-queiroz-foi-motivada-por-ameacas-a-testemunhas-e-interferencia-nas-investigacoes.html\" target=\"_blank\">pris\u00e3o de Fabr\u00edcio Queiroz<\/a>: \u201cParecia que estavam prendendo o maior bandido da face da terra. Mas que a Justi\u00e7a siga o seu caminho. Repito, n\u00e3o estava foragido e n\u00e3o tinha nenhum mandado de pris\u00e3o contra ele\u201d, disse o presidente, comedido, em contraste com suas vocifera\u00e7\u00f5es frequentes. <\/p>\n\n\n\n<p>Apesar da linha de defesa, Bolsonaro frisou n\u00e3o ter rela\u00e7\u00e3o nenhuma com o caso que investiga a participa\u00e7\u00e3o de Queiroz, amigo e assessor da fam\u00edlia h\u00e1 30 anos, e de nada menos que seu filho primog\u00eanito, o senador Fl\u00e1vio Bolsonaro, em um suposto esquema de desvio de dinheiro de verba p\u00fablica do sal\u00e1rios de servidores da Assembleia Legislativa do Rio. <\/p>\n\n\n\n<p>Depois de um ano e meio de avan\u00e7o lento, t\u00e1ticas legais para congelar as investiga\u00e7\u00f5es e o sumi\u00e7o de Queiroz da vista p\u00fablica e da Justi\u00e7a, o ex-assessor dos Bolsonaro foi detido em Atibaia, no interior de S\u00e3o Paulo,\u00a0<a href=\"https:\/\/brasil.elpais.com\/brasil\/2020-06-18\/prisao-de-queiroz-foi-motivada-por-ameacas-a-testemunhas-e-interferencia-nas-investigacoes.html\">na casa de Frederick Wasseff<\/a>, advogado da fam\u00edlia. <\/p>\n\n\n\n<p>Agora, os desdobramentos do caso tiram o sono do Planalto que j\u00e1 em batalha aberta com o Supremo Tribunal Federal e em plena crise econ\u00f4mica e sanit\u00e1ria.<\/p>\n\n\n\n<p>Leia mais:<\/p>\n\n\n\n<p><a href=\"https:\/\/brasil.elpais.com\/brasil\/2020-06-19\/cerco-contra-queiroz-empareda-bolsonaro-que-teme-delacao-de-aliado.html\">https:\/\/brasil.elpais.com\/brasil\/2020-06-19\/cerco-contra-queiroz-empareda-bolsonaro-que-teme-delacao-de-aliado.html<\/a><\/p>\n","protected":false},"excerpt":{"rendered":"<p>El Pa\u00eds &#8211; Um abatido Jair Bolsonaro iniciou sua\u00a0live\u00a0semanal no Facebook nesta quinta-feira com uma breve refer\u00eancia \u00e0\u00a0pris\u00e3o de Fabr\u00edcio Queiroz: \u201cParecia que estavam prendendo o maior bandido da face da terra. Mas que a Justi\u00e7a siga o seu caminho. Repito, n\u00e3o&hellip;<\/p>\n","protected":false},"author":1,"featured_media":1371,"comment_status":"open","ping_status":"open","sticky":false,"template":"","format":"standard","meta":{"footnotes":""},"categories":[4],"tags":[493,218,438],"_links":{"self":[{"href":"https:\/\/pertinente.com.br\/site\/wp-json\/wp\/v2\/posts\/1372"}],"collection":[{"href":"https:\/\/pertinente.com.br\/site\/wp-json\/wp\/v2\/posts"}],"about":[{"href":"https:\/\/pertinente.com.br\/site\/wp-json\/wp\/v2\/types\/post"}],"author":[{"embeddable":true,"href":"https:\/\/pertinente.com.br\/site\/wp-json\/wp\/v2\/users\/1"}],"replies":[{"embeddable":true,"href":"https:\/\/pertinente.com.br\/site\/wp-json\/wp\/v2\/comments?post=1372"}],"version-history":[{"count":0,"href":"https:\/\/pertinente.com.br\/site\/wp-json\/wp\/v2\/posts\/1372\/revisions"}],"wp:featuredmedia":[{"embeddable":true,"href":"https:\/\/pertinente.com.br\/site\/wp-json\/wp\/v2\/media\/1371"}],"wp:attachment":[{"href":"https:\/\/pertinente.com.br\/site\/wp-json\/wp\/v2\/media?parent=1372"}],"wp:term":[{"taxonomy":"category","embeddable":true,"href":"https:\/\/pertinente.com.br\/site\/wp-json\/wp\/v2\/categories?post=1372"},{"taxonomy":"post_tag","embeddable":true,"href":"https:\/\/pertinente.com.br\/site\/wp-json\/wp\/v2\/tags?post=1372"}],"curies":[{"name":"wp","href":"https:\/\/api.w.org\/{rel}","templated":true}]}}