{"id":1373,"date":"2020-06-19T16:56:30","date_gmt":"2020-06-19T19:56:30","guid":{"rendered":"https:\/\/pertinente.com.br\/site\/?p=1373"},"modified":"2020-06-19T17:01:29","modified_gmt":"2020-06-19T20:01:29","slug":"brasil-mais-de-1-milhao-de-casos-de-covid-19","status":"publish","type":"post","link":"https:\/\/pertinente.com.br\/site\/2020\/06\/19\/brasil-mais-de-1-milhao-de-casos-de-covid-19\/","title":{"rendered":"Brasil: mais de 1 milh\u00e3o de casos de Covid-19"},"content":{"rendered":"\n<figure class=\"wp-block-image size-large\"><img loading=\"lazy\" decoding=\"async\" width=\"900\" height=\"600\" src=\"https:\/\/pertinente.com.br\/site\/wp-content\/uploads\/2020\/06\/1453589_450596.jpg\" alt=\"\" class=\"wp-image-1374\" srcset=\"https:\/\/pertinente.com.br\/site\/wp-content\/uploads\/2020\/06\/1453589_450596.jpg 900w, https:\/\/pertinente.com.br\/site\/wp-content\/uploads\/2020\/06\/1453589_450596-300x200.jpg 300w, https:\/\/pertinente.com.br\/site\/wp-content\/uploads\/2020\/06\/1453589_450596-768x512.jpg 768w\" sizes=\"(max-width: 900px) 100vw, 900px\" \/><\/figure>\n\n\n\n<p>O Brasil ultrapassou a marca de 1 milh\u00e3o\u00a0<a href=\"https:\/\/arte.folha.uol.com.br\/equilibrioesaude\/2020\/cidades-covid\/\">de casos confirmados de Covid-19<\/a>. At\u00e9 \u00e0s 14h deste sexta-feira (19), 1.009.699 pessoas haviam contra\u00eddo a doen\u00e7a no pa\u00eds, conforme os registros oficiais. Este n\u00famero provavelmente muito maior,\u00a0<a href=\"https:\/\/www1.folha.uol.com.br\/equilibrioesaude\/2020\/05\/numero-de-infectados-deve-ser-sete-vezes-maior-indica-primeiro-estudo-nacional-de-covid-19.shtml\">dados os ind\u00edcios de subnotifica\u00e7\u00e3o<\/a>.<\/p>\n\n\n\n<p>Problemas na plataforma do Minist\u00e9rio da Sa\u00fade onde os munic\u00edpios informam os casos confirmados havia gerado problemas na contabilidade dos registros nos \u00faltimos dias, o que inflou o balan\u00e7o desta sexta.<\/p>\n\n\n\n<p>Tamb\u00e9m foram registrados&nbsp;<a href=\"https:\/\/www1.folha.uol.com.br\/cotidiano\/2020\/06\/brasil-tem-terceiro-dia-seguido-com-mais-de-mil-mortos-por-covid-19.shtml\">48.427 \u00f3bitos no total, 558 deles desde as 20h<\/a>.<\/p>\n\n\n\n<p>Dados s\u00e3o compilados por cons\u00f3rcio de ve\u00edculos de imprensa.<\/p>\n\n\n\n<p>Leia mais:<\/p>\n\n\n\n<p><a href=\"https:\/\/www1.folha.uol.com.br\/cotidiano\/2020\/06\/brasil-tem-mais-de-1-milhao-de-casos-confirmados-de-covid-19-aponta-consorcio-de-veiculos-de-imprensa.shtml\">https:\/\/www1.folha.uol.com.br\/cotidiano\/2020\/06\/brasil-tem-mais-de-1-milhao-de-casos-confirmados-de-covid-19-aponta-consorcio-de-veiculos-de-imprensa.shtml<\/a><\/p>\n","protected":false},"excerpt":{"rendered":"<p>O Brasil ultrapassou a marca de 1 milh\u00e3o\u00a0de casos confirmados de Covid-19. At\u00e9 \u00e0s 14h deste sexta-feira (19), 1.009.699 pessoas haviam contra\u00eddo a doen\u00e7a no pa\u00eds, conforme os registros oficiais. Este n\u00famero provavelmente muito maior,\u00a0dados os ind\u00edcios de subnotifica\u00e7\u00e3o. Problemas na plataforma&hellip;<\/p>\n","protected":false},"author":1,"featured_media":1374,"comment_status":"open","ping_status":"open","sticky":false,"template":"","format":"standard","meta":{"footnotes":""},"categories":[4],"tags":[494,14,495],"_links":{"self":[{"href":"https:\/\/pertinente.com.br\/site\/wp-json\/wp\/v2\/posts\/1373"}],"collection":[{"href":"https:\/\/pertinente.com.br\/site\/wp-json\/wp\/v2\/posts"}],"about":[{"href":"https:\/\/pertinente.com.br\/site\/wp-json\/wp\/v2\/types\/post"}],"author":[{"embeddable":true,"href":"https:\/\/pertinente.com.br\/site\/wp-json\/wp\/v2\/users\/1"}],"replies":[{"embeddable":true,"href":"https:\/\/pertinente.com.br\/site\/wp-json\/wp\/v2\/comments?post=1373"}],"version-history":[{"count":2,"href":"https:\/\/pertinente.com.br\/site\/wp-json\/wp\/v2\/posts\/1373\/revisions"}],"predecessor-version":[{"id":1376,"href":"https:\/\/pertinente.com.br\/site\/wp-json\/wp\/v2\/posts\/1373\/revisions\/1376"}],"wp:featuredmedia":[{"embeddable":true,"href":"https:\/\/pertinente.com.br\/site\/wp-json\/wp\/v2\/media\/1374"}],"wp:attachment":[{"href":"https:\/\/pertinente.com.br\/site\/wp-json\/wp\/v2\/media?parent=1373"}],"wp:term":[{"taxonomy":"category","embeddable":true,"href":"https:\/\/pertinente.com.br\/site\/wp-json\/wp\/v2\/categories?post=1373"},{"taxonomy":"post_tag","embeddable":true,"href":"https:\/\/pertinente.com.br\/site\/wp-json\/wp\/v2\/tags?post=1373"}],"curies":[{"name":"wp","href":"https:\/\/api.w.org\/{rel}","templated":true}]}}