{"id":1377,"date":"2020-06-19T17:38:18","date_gmt":"2020-06-19T20:38:18","guid":{"rendered":"https:\/\/pertinente.com.br\/site\/?p=1377"},"modified":"2020-06-19T17:39:38","modified_gmt":"2020-06-19T20:39:38","slug":"integrantes-do-banco-mundial-articulam-para-barrar-weintraub","status":"publish","type":"post","link":"https:\/\/pertinente.com.br\/site\/2020\/06\/19\/integrantes-do-banco-mundial-articulam-para-barrar-weintraub\/","title":{"rendered":"Integrantes do Banco Mundial articulam para barrar Weintraub"},"content":{"rendered":"\n<figure class=\"wp-block-image size-large\"><img loading=\"lazy\" decoding=\"async\" width=\"1024\" height=\"683\" src=\"https:\/\/pertinente.com.br\/site\/wp-content\/uploads\/2020\/06\/15592306275ceff8a348367_1559230627_3x2_xl-1024x683.jpg\" alt=\"\" class=\"wp-image-1378\" srcset=\"https:\/\/pertinente.com.br\/site\/wp-content\/uploads\/2020\/06\/15592306275ceff8a348367_1559230627_3x2_xl-1024x683.jpg 1024w, https:\/\/pertinente.com.br\/site\/wp-content\/uploads\/2020\/06\/15592306275ceff8a348367_1559230627_3x2_xl-300x200.jpg 300w, https:\/\/pertinente.com.br\/site\/wp-content\/uploads\/2020\/06\/15592306275ceff8a348367_1559230627_3x2_xl-768x512.jpg 768w, https:\/\/pertinente.com.br\/site\/wp-content\/uploads\/2020\/06\/15592306275ceff8a348367_1559230627_3x2_xl.jpg 1200w\" sizes=\"(max-width: 1024px) 100vw, 1024px\" \/><\/figure>\n\n\n\n<p>Apesar de ter anunciado, ontem,<a href=\"https:\/\/www.correiobraziliense.com.br\/app\/noticia\/politica\/2020\/06\/19\/interna_politica,865069\/sim-desta-vez-e-verdade-diz-weintraub-ao-confirmar-demissao.shtml\">\u00a0que estava deixando o Minist\u00e9rio da Educa\u00e7\u00e3o para ir para Washington ser diretor executivo do Banco Mundial<\/a>, o ex-ministro Abraham Weintraub pode ter sua indica\u00e7\u00e3o barrada dentro e fora da institui\u00e7\u00e3o.\u00a0<\/p>\n\n\n\n<p>Integrantes do banco est\u00e3o se movimentando para impedir a posse de Weintraub como diretor executivo do board de representantes de 189 pa\u00edses que possuem a\u00e7\u00f5es da institui\u00e7\u00e3o, segundo fontes pr\u00f3ximas ao \u00f3rg\u00e3o.<\/p>\n\n\n\n<p>No Brasil, uma nota enviada aos acionistas feita por um grupo liderado pelo diplomata e ex-ministro da Fazenda Rubens Ricupero faz um alerta aos acionistas sobre da indica\u00e7\u00e3o, conforme informou o\u00a0<em>Blog do Sakamoto<\/em>\u00a0nesta sexta-feira (19\/6).\u00a0<\/p>\n\n\n\n<p>A indica\u00e7\u00e3o de uma pessoa com perfil ideol\u00f3gico e sem traquejo diplom\u00e1tico como Weintraub para o Banco Mundial \u00e9 uma contradi\u00e7\u00e3o dentro do organismo multilateral, sempre criticado por bolsonaristas e que demanda pessoas equilibradas para as negocia\u00e7\u00f5es entre os pares, inclusive, com um dos maiores desafetos do ex-ministro: a China, um dos principais acionistas do banco.&nbsp;<\/p>\n\n\n\n<p>\u201cA China \u00e9 o terceiro maior acionista do Banco Mundial e ocupa uma cadeira muito importante na Diretoria-Executiva. At\u00e9 mais porque agora vou estudar imune\u201d, destacou em rede social a economista Monica de Bolle, pesquisadora s\u00eanior do Peterson Institute for International Economics (PIIE), em Washington, e que j\u00e1 trabalhou no Fundo Monet\u00e1rio Internacional (FMI). Para ela, Weintraub \u201cn\u00e3o passar\u00e1\u201d pelo crivo dos acionistas do banco.<\/p>\n\n\n\n<p>O cargo que o presidente Jair Bolsonaro pretende \u201cpremiar\u201d o ex-ministro pol\u00eamico e cheio de desafetos, com um sal\u00e1rio anual de R$ 1,3 milh\u00e3o, era ocupado pelo atual diretor do Banco Central,&nbsp;F\u00e1bio Kanczuk. Ele est\u00e1 vago desde outubro do ano passado e o mandato expira em 31 de outubro.<\/p>\n\n\n\n<p>Leia mais:<\/p>\n\n\n\n<p><a href=\"http:\/\/blogs.correiobraziliense.com.br\/vicente\/banco-mundial-articula-para-barrar-indicacao-de-weintraub\/\">http:\/\/blogs.correiobraziliense.com.br\/vicente\/banco-mundial-articula-para-barrar-indicacao-de-weintraub\/<\/a><\/p>\n","protected":false},"excerpt":{"rendered":"<p>Apesar de ter anunciado, ontem,\u00a0que estava deixando o Minist\u00e9rio da Educa\u00e7\u00e3o para ir para Washington ser diretor executivo do Banco Mundial, o ex-ministro Abraham Weintraub pode ter sua indica\u00e7\u00e3o barrada dentro e fora da institui\u00e7\u00e3o.\u00a0 Integrantes do banco est\u00e3o se movimentando para&hellip;<\/p>\n","protected":false},"author":1,"featured_media":1378,"comment_status":"open","ping_status":"open","sticky":false,"template":"","format":"standard","meta":{"footnotes":""},"categories":[4],"tags":[496,497,391],"_links":{"self":[{"href":"https:\/\/pertinente.com.br\/site\/wp-json\/wp\/v2\/posts\/1377"}],"collection":[{"href":"https:\/\/pertinente.com.br\/site\/wp-json\/wp\/v2\/posts"}],"about":[{"href":"https:\/\/pertinente.com.br\/site\/wp-json\/wp\/v2\/types\/post"}],"author":[{"embeddable":true,"href":"https:\/\/pertinente.com.br\/site\/wp-json\/wp\/v2\/users\/1"}],"replies":[{"embeddable":true,"href":"https:\/\/pertinente.com.br\/site\/wp-json\/wp\/v2\/comments?post=1377"}],"version-history":[{"count":2,"href":"https:\/\/pertinente.com.br\/site\/wp-json\/wp\/v2\/posts\/1377\/revisions"}],"predecessor-version":[{"id":1380,"href":"https:\/\/pertinente.com.br\/site\/wp-json\/wp\/v2\/posts\/1377\/revisions\/1380"}],"wp:featuredmedia":[{"embeddable":true,"href":"https:\/\/pertinente.com.br\/site\/wp-json\/wp\/v2\/media\/1378"}],"wp:attachment":[{"href":"https:\/\/pertinente.com.br\/site\/wp-json\/wp\/v2\/media?parent=1377"}],"wp:term":[{"taxonomy":"category","embeddable":true,"href":"https:\/\/pertinente.com.br\/site\/wp-json\/wp\/v2\/categories?post=1377"},{"taxonomy":"post_tag","embeddable":true,"href":"https:\/\/pertinente.com.br\/site\/wp-json\/wp\/v2\/tags?post=1377"}],"curies":[{"name":"wp","href":"https:\/\/api.w.org\/{rel}","templated":true}]}}