{"id":1391,"date":"2020-06-21T11:42:57","date_gmt":"2020-06-21T14:42:57","guid":{"rendered":"https:\/\/pertinente.com.br\/site\/2020\/06\/21\/policia-desarticula-alojamento-de-extremistas-apoiadores-de-bolsonaro-numa-chacara-em-brasilia\/"},"modified":"2020-06-21T11:42:57","modified_gmt":"2020-06-21T14:42:57","slug":"policia-desarticula-alojamento-de-extremistas-apoiadores-de-bolsonaro-numa-chacara-em-brasilia","status":"publish","type":"post","link":"https:\/\/pertinente.com.br\/site\/2020\/06\/21\/policia-desarticula-alojamento-de-extremistas-apoiadores-de-bolsonaro-numa-chacara-em-brasilia\/","title":{"rendered":"Pol\u00edcia desarticula alojamento de extremistas apoiadores de Bolsonaro numa ch\u00e1cara em Bras\u00edlia"},"content":{"rendered":"\n<figure class=\"wp-block-image size-large\"><img loading=\"lazy\" decoding=\"async\" width=\"936\" height=\"720\" src=\"https:\/\/pertinente.com.br\/site\/wp-content\/uploads\/2020\/06\/screenshot_20200621-1140292683745922539126625.png\" alt=\"\" class=\"wp-image-1389\" srcset=\"https:\/\/pertinente.com.br\/site\/wp-content\/uploads\/2020\/06\/screenshot_20200621-1140292683745922539126625.png 936w, https:\/\/pertinente.com.br\/site\/wp-content\/uploads\/2020\/06\/screenshot_20200621-1140292683745922539126625-300x231.png 300w, https:\/\/pertinente.com.br\/site\/wp-content\/uploads\/2020\/06\/screenshot_20200621-1140292683745922539126625-768x591.png 768w\" sizes=\"(max-width: 936px) 100vw, 936px\" \/><\/figure>\n\n\n\n<p>Integrantes dos grupos &#8220;300 do Brasil&#8221;, &#8220;Patriotas&#8221; e &#8220;QG Rural&#8221; estavam alojados no local ap\u00f3s deixarem uma ch\u00e1cara no N\u00facleo Rural Rajadinha, regi\u00e3o entre Parano\u00e1 e Planaltina. Houve a apreens\u00e3o de fogos de artif\u00edcios e outros materiais.<\/p>\n\n\n\n<p>A Pol\u00edcia Civil do Distrito Federal (PCDF) desarticulou, na manh\u00e3 deste domingo (21\/6), mais um acampamento de grupos extremistas de apoio ao presidente Jair Bolsonaro. Os &#8220;300 do Brasil&#8221;, &#8220;Patriotas&#8221; e &#8220;QG Rural&#8221; estavam alojados em uma ch\u00e1cara na regi\u00e3o de Arniqueiras, no DF. Os manifestantes bolsonaristas ocuparam o espa\u00e7o ap\u00f3s\u00a0<a href=\"https:\/\/www.correiobraziliense.com.br\/app\/noticia\/cidades\/2020\/05\/27\/interna_cidadesdf,858706\/chacara-no-nucleo-rajadinha-era-base-do-acampamento-dos-300-do-brasil.shtml\">deixarem a ch\u00e1cara do N\u00facleo Rural Rajadinha<\/a>, regi\u00e3o localizada entre o Parano\u00e1 e Planaltina, em maio. Ser\u00e1 apurado a poss\u00edvel pr\u00e1tica de mil\u00edcia privada, amea\u00e7as e portes ilegais de arma de fogo.\u00a0<\/p>\n\n\n\n<p>Leia mais:<\/p>\n\n\n\n<p>https:\/\/www.correiobraziliense.com.br\/app\/noticia\/cidades\/2020\/06\/21\/interna_cidadesdf,865632\/pcdf-desarticula-acampamento-de-extremistas-bolsonaristas-em-brasilia.shtml<\/p>\n\n\n\n<p>Fonte: <em>Correio Braziliense<\/em><\/p>\n","protected":false},"excerpt":{"rendered":"<p>Integrantes dos grupos &#8220;300 do Brasil&#8221;, &#8220;Patriotas&#8221; e &#8220;QG Rural&#8221; estavam alojados no local ap\u00f3s deixarem uma ch\u00e1cara no N\u00facleo Rural Rajadinha, regi\u00e3o entre Parano\u00e1 e Planaltina. Houve a apreens\u00e3o de fogos de artif\u00edcios e outros materiais. A Pol\u00edcia Civil do Distrito&hellip;<\/p>\n","protected":false},"author":1,"featured_media":1390,"comment_status":"open","ping_status":"open","sticky":false,"template":"","format":"standard","meta":{"footnotes":""},"categories":[4],"tags":[203,218,487,502],"_links":{"self":[{"href":"https:\/\/pertinente.com.br\/site\/wp-json\/wp\/v2\/posts\/1391"}],"collection":[{"href":"https:\/\/pertinente.com.br\/site\/wp-json\/wp\/v2\/posts"}],"about":[{"href":"https:\/\/pertinente.com.br\/site\/wp-json\/wp\/v2\/types\/post"}],"author":[{"embeddable":true,"href":"https:\/\/pertinente.com.br\/site\/wp-json\/wp\/v2\/users\/1"}],"replies":[{"embeddable":true,"href":"https:\/\/pertinente.com.br\/site\/wp-json\/wp\/v2\/comments?post=1391"}],"version-history":[{"count":0,"href":"https:\/\/pertinente.com.br\/site\/wp-json\/wp\/v2\/posts\/1391\/revisions"}],"wp:featuredmedia":[{"embeddable":true,"href":"https:\/\/pertinente.com.br\/site\/wp-json\/wp\/v2\/media\/1390"}],"wp:attachment":[{"href":"https:\/\/pertinente.com.br\/site\/wp-json\/wp\/v2\/media?parent=1391"}],"wp:term":[{"taxonomy":"category","embeddable":true,"href":"https:\/\/pertinente.com.br\/site\/wp-json\/wp\/v2\/categories?post=1391"},{"taxonomy":"post_tag","embeddable":true,"href":"https:\/\/pertinente.com.br\/site\/wp-json\/wp\/v2\/tags?post=1391"}],"curies":[{"name":"wp","href":"https:\/\/api.w.org\/{rel}","templated":true}]}}