{"id":1398,"date":"2020-06-22T09:54:44","date_gmt":"2020-06-22T12:54:44","guid":{"rendered":"https:\/\/pertinente.com.br\/site\/?p=1398"},"modified":"2020-06-22T09:54:47","modified_gmt":"2020-06-22T12:54:47","slug":"regina-duarte-e-processada-por-apologia-a-crimes-de-tortura","status":"publish","type":"post","link":"https:\/\/pertinente.com.br\/site\/2020\/06\/22\/regina-duarte-e-processada-por-apologia-a-crimes-de-tortura\/","title":{"rendered":"Regina Duarte \u00e9 processada por &#8220;apologia a crimes de tortura&#8221;"},"content":{"rendered":"\n<figure class=\"wp-block-image size-large\"><img loading=\"lazy\" decoding=\"async\" width=\"800\" height=\"347\" src=\"https:\/\/pertinente.com.br\/site\/wp-content\/uploads\/2020\/06\/a76de682d572c0b86d7754bf19d8d96e.jpg\" alt=\"\" class=\"wp-image-1399\" srcset=\"https:\/\/pertinente.com.br\/site\/wp-content\/uploads\/2020\/06\/a76de682d572c0b86d7754bf19d8d96e.jpg 800w, https:\/\/pertinente.com.br\/site\/wp-content\/uploads\/2020\/06\/a76de682d572c0b86d7754bf19d8d96e-300x130.jpg 300w, https:\/\/pertinente.com.br\/site\/wp-content\/uploads\/2020\/06\/a76de682d572c0b86d7754bf19d8d96e-768x333.jpg 768w\" sizes=\"(max-width: 800px) 100vw, 800px\" \/><\/figure>\n\n\n\n<p>Ex-secret\u00e1ria especial da Cultura, Regina Duarte virou alvo de um processo por apologia de crimes de tortura. A a\u00e7\u00e3o \u00e9 movida por Lygia Jobim, filha do diplomata Jos\u00e9 Jobim, sequestrado e morto durante a ditadura militar. A den\u00fancia envolve tamb\u00e9m o Minist\u00e9rio do Turismo, que abriga a secretaria. Conforme antecipado pela coluna de Ancelmo Gois, Lygia alega que a atriz relativizou crimes cometidos no regime, em entrevista \u00e0 rede CNN Brasil em 7 de maio. Ela cobra uma indeniza\u00e7\u00e3o de R$ 70 mil. A a\u00e7\u00e3o civil tramita no Ju\u00edzo Substituto da 23\u00aa VF do Rio de Janeiro.<\/p>\n\n\n\n<p>\u2014 Fiquei horrorizada com a forma como ela naturalizou a tortura \u2014 diz Lygia. \u2014N\u00e3o h\u00e1 liberdade de express\u00e3o que abarque a apologia a crimes. \u00c9 um acinte a todos os que foram afetados pela viol\u00eancia.<\/p>\n\n\n\n<p>A jornalista diz que entrou com o processo n\u00e3o apenas em nome de toda a sua fam\u00edlia, mas \u201cpor essa grande fam\u00edlia de afetados\u201d pela ditadura. O diplomata e economista Jos\u00e9 Jobim desapareceu em 1979 ap\u00f3s revelar que denunciaria o superfaturamento na constru\u00e7\u00e3o da Usina Hidrel\u00e9trica de Itaipu. Seu corpo foi encontrado dois dias depois, pendurado pelo pesco\u00e7o em uma \u00e1rvore pequena. Em 2018, o Estado reconheceu que Jobim havia sido torturado e morto pelo regime militar e que a hip\u00f3tese de suic\u00eddio levantada na \u00e9poca havia sido forjada.<\/p>\n\n\n\n<p>Leia mais:<\/p>\n\n\n\n<p><a href=\"https:\/\/br.noticias.yahoo.com\/fiquei-horrorizada-diz-jornalista-que-230826402.html\">https:\/\/br.noticias.yahoo.com\/fiquei-horrorizada-diz-jornalista-que-230826402.html<\/a><\/p>\n","protected":false},"excerpt":{"rendered":"<p>Ex-secret\u00e1ria especial da Cultura, Regina Duarte virou alvo de um processo por apologia de crimes de tortura. A a\u00e7\u00e3o \u00e9 movida por Lygia Jobim, filha do diplomata Jos\u00e9 Jobim, sequestrado e morto durante a ditadura militar. A den\u00fancia envolve tamb\u00e9m o Minist\u00e9rio&hellip;<\/p>\n","protected":false},"author":1,"featured_media":1399,"comment_status":"open","ping_status":"open","sticky":false,"template":"","format":"standard","meta":{"footnotes":""},"categories":[4],"tags":[505,440,312],"_links":{"self":[{"href":"https:\/\/pertinente.com.br\/site\/wp-json\/wp\/v2\/posts\/1398"}],"collection":[{"href":"https:\/\/pertinente.com.br\/site\/wp-json\/wp\/v2\/posts"}],"about":[{"href":"https:\/\/pertinente.com.br\/site\/wp-json\/wp\/v2\/types\/post"}],"author":[{"embeddable":true,"href":"https:\/\/pertinente.com.br\/site\/wp-json\/wp\/v2\/users\/1"}],"replies":[{"embeddable":true,"href":"https:\/\/pertinente.com.br\/site\/wp-json\/wp\/v2\/comments?post=1398"}],"version-history":[{"count":1,"href":"https:\/\/pertinente.com.br\/site\/wp-json\/wp\/v2\/posts\/1398\/revisions"}],"predecessor-version":[{"id":1400,"href":"https:\/\/pertinente.com.br\/site\/wp-json\/wp\/v2\/posts\/1398\/revisions\/1400"}],"wp:featuredmedia":[{"embeddable":true,"href":"https:\/\/pertinente.com.br\/site\/wp-json\/wp\/v2\/media\/1399"}],"wp:attachment":[{"href":"https:\/\/pertinente.com.br\/site\/wp-json\/wp\/v2\/media?parent=1398"}],"wp:term":[{"taxonomy":"category","embeddable":true,"href":"https:\/\/pertinente.com.br\/site\/wp-json\/wp\/v2\/categories?post=1398"},{"taxonomy":"post_tag","embeddable":true,"href":"https:\/\/pertinente.com.br\/site\/wp-json\/wp\/v2\/tags?post=1398"}],"curies":[{"name":"wp","href":"https:\/\/api.w.org\/{rel}","templated":true}]}}