{"id":1411,"date":"2020-06-26T19:20:34","date_gmt":"2020-06-26T22:20:34","guid":{"rendered":"https:\/\/pertinente.com.br\/site\/?p=1411"},"modified":"2020-06-26T19:23:59","modified_gmt":"2020-06-26T22:23:59","slug":"universidade-nega-que-novo-ministro-da-educacao-seja-doutor-pela-instituicao","status":"publish","type":"post","link":"https:\/\/pertinente.com.br\/site\/2020\/06\/26\/universidade-nega-que-novo-ministro-da-educacao-seja-doutor-pela-instituicao\/","title":{"rendered":"Universidade nega que novo ministro da educa\u00e7\u00e3o seja doutor pela institui\u00e7\u00e3o"},"content":{"rendered":"\n<figure class=\"wp-block-image size-large\"><img loading=\"lazy\" decoding=\"async\" width=\"800\" height=\"478\" src=\"https:\/\/pertinente.com.br\/site\/wp-content\/uploads\/2020\/06\/70983c00-b7da-11ea-b72f-bd967d840be0.jpg\" alt=\"\" class=\"wp-image-1412\" srcset=\"https:\/\/pertinente.com.br\/site\/wp-content\/uploads\/2020\/06\/70983c00-b7da-11ea-b72f-bd967d840be0.jpg 800w, https:\/\/pertinente.com.br\/site\/wp-content\/uploads\/2020\/06\/70983c00-b7da-11ea-b72f-bd967d840be0-300x179.jpg 300w, https:\/\/pertinente.com.br\/site\/wp-content\/uploads\/2020\/06\/70983c00-b7da-11ea-b72f-bd967d840be0-768x459.jpg 768w\" sizes=\"(max-width: 800px) 100vw, 800px\" \/><\/figure>\n\n\n\n<p>Ao anunciar&nbsp;<a href=\"https:\/\/br.noticias.yahoo.com\/bolsonaro-anuncia-novo-ministro-da-educacao-182134503.html\"><strong>Carlos Alberto Decotelli<\/strong><\/a>&nbsp;da Silva como novo ministro da Educa\u00e7\u00e3o, o&nbsp;<a href=\"https:\/\/br.yahoo.com\/topics\/ultimas-noticias-presidente-jair-bolsonaro\"><strong>presidente Jair Bolsonaro<\/strong><\/a>&nbsp;(sem partido) afirmou que o professor era \u201cbacharel em Ci\u00eancias Econ\u00f4micas pela UERJ, Mestre pela FGV, Doutor pela Universidade de Ros\u00e1rio, Argentina e P\u00f3s-Doutor pela Universidade de Wuppertal, na Alemanha\u201d.<\/p>\n\n\n\n<p>No entanto, a informa\u00e7\u00e3o do doutorado na universidade argentina foi negada pelo reitor da institui\u00e7\u00e3o. Franco Bartolacci retuitou o post de Bolsonaro e disse que Dacotelli n\u00e3o tem a titula\u00e7\u00e3o mencionada pelo presidente brasileiro.<\/p>\n\n\n\n<p>\u201cNos vemos na necessidade de esclarecer que Carlos Alberto Decotelli da Silva n\u00e3o obteve na Universidade do Ros\u00e1rio a titula\u00e7\u00e3o de doutor que se menciona nesse comunicado\u201d, escreveu Bartolacci.<\/p>\n\n\n\n<p>Carlos Alberto Decotelli assume o posto no lugar de Abraham Weintraub, que ficou 14 meses \u00e0 frente do MEC. Agora, ele deve ocupar um cargo como diretor executivo do Banco Mundial.<\/p>\n\n\n\n<p>O novo ministro j\u00e1 ocupou um cargo no minist\u00e9rio, \u00e0 frente do Fundo Nacional do Desenvolvimento da Educa\u00e7\u00e3o, durante a gest\u00e3o do ex-ministro Ricardo V\u00e9lez Rodr\u00edguez.<\/p>\n\n\n\n<p>Afirma\u00e7\u00e3o semelhante tinha sido feita por Bolsonaro na ocasi\u00e3o da indica\u00e7\u00e3o do ex-ministro Weintraub, que tamb\u00e9m n\u00e3o era doutor graduado.<\/p>\n\n\n\n<p>Leia mais:<\/p>\n\n\n\n<p><a href=\"https:\/\/br.noticias.yahoo.com\/reitor-da-universidade-do-rosario-nega-que-novo-ministro-da-educacao-seja-doutor-pela-instituicao-182747328.html\">https:\/\/br.noticias.yahoo.com\/reitor-da-universidade-do-rosario-nega-que-novo-ministro-da-educacao-seja-doutor-pela-instituicao-182747328.html<\/a><\/p>\n\n\n\n<p>Fonte: Yahoo Not\u00edcias.<\/p>\n","protected":false},"excerpt":{"rendered":"<p>Ao anunciar&nbsp;Carlos Alberto Decotelli&nbsp;da Silva como novo ministro da Educa\u00e7\u00e3o, o&nbsp;presidente Jair Bolsonaro&nbsp;(sem partido) afirmou que o professor era \u201cbacharel em Ci\u00eancias Econ\u00f4micas pela UERJ, Mestre pela FGV, Doutor pela Universidade de Ros\u00e1rio, Argentina e P\u00f3s-Doutor pela Universidade de Wuppertal, na Alemanha\u201d.&hellip;<\/p>\n","protected":false},"author":1,"featured_media":1412,"comment_status":"open","ping_status":"open","sticky":false,"template":"","format":"standard","meta":{"footnotes":""},"categories":[4],"tags":[518,516,515,514,517],"_links":{"self":[{"href":"https:\/\/pertinente.com.br\/site\/wp-json\/wp\/v2\/posts\/1411"}],"collection":[{"href":"https:\/\/pertinente.com.br\/site\/wp-json\/wp\/v2\/posts"}],"about":[{"href":"https:\/\/pertinente.com.br\/site\/wp-json\/wp\/v2\/types\/post"}],"author":[{"embeddable":true,"href":"https:\/\/pertinente.com.br\/site\/wp-json\/wp\/v2\/users\/1"}],"replies":[{"embeddable":true,"href":"https:\/\/pertinente.com.br\/site\/wp-json\/wp\/v2\/comments?post=1411"}],"version-history":[{"count":2,"href":"https:\/\/pertinente.com.br\/site\/wp-json\/wp\/v2\/posts\/1411\/revisions"}],"predecessor-version":[{"id":1414,"href":"https:\/\/pertinente.com.br\/site\/wp-json\/wp\/v2\/posts\/1411\/revisions\/1414"}],"wp:featuredmedia":[{"embeddable":true,"href":"https:\/\/pertinente.com.br\/site\/wp-json\/wp\/v2\/media\/1412"}],"wp:attachment":[{"href":"https:\/\/pertinente.com.br\/site\/wp-json\/wp\/v2\/media?parent=1411"}],"wp:term":[{"taxonomy":"category","embeddable":true,"href":"https:\/\/pertinente.com.br\/site\/wp-json\/wp\/v2\/categories?post=1411"},{"taxonomy":"post_tag","embeddable":true,"href":"https:\/\/pertinente.com.br\/site\/wp-json\/wp\/v2\/tags?post=1411"}],"curies":[{"name":"wp","href":"https:\/\/api.w.org\/{rel}","templated":true}]}}