{"id":1417,"date":"2020-06-30T22:41:41","date_gmt":"2020-07-01T01:41:41","guid":{"rendered":"https:\/\/pertinente.com.br\/site\/2020\/06\/30\/negacionismo-de-bolsonaro-pode-ter-matado-mais-seus-eleitores-aponta-estudo\/"},"modified":"2020-06-30T22:41:41","modified_gmt":"2020-07-01T01:41:41","slug":"negacionismo-de-bolsonaro-pode-ter-matado-mais-seus-eleitores-aponta-estudo","status":"publish","type":"post","link":"https:\/\/pertinente.com.br\/site\/2020\/06\/30\/negacionismo-de-bolsonaro-pode-ter-matado-mais-seus-eleitores-aponta-estudo\/","title":{"rendered":"Negacionismo de Bolsonaro pode ter matado mais seus eleitores, aponta estudo"},"content":{"rendered":"\n<figure class=\"wp-block-image size-large\"><img loading=\"lazy\" decoding=\"async\" width=\"768\" height=\"513\" src=\"https:\/\/pertinente.com.br\/site\/wp-content\/uploads\/2020\/06\/coronavirus-manaus-768x5131291187260297724259-1.jpg\" alt=\"\" class=\"wp-image-1415\" srcset=\"https:\/\/pertinente.com.br\/site\/wp-content\/uploads\/2020\/06\/coronavirus-manaus-768x5131291187260297724259-1.jpg 768w, https:\/\/pertinente.com.br\/site\/wp-content\/uploads\/2020\/06\/coronavirus-manaus-768x5131291187260297724259-1-300x200.jpg 300w\" sizes=\"(max-width: 768px) 100vw, 768px\" \/><figcaption>Isolamento caiu e houve mais \u00f3bitos proporcionalmente em cidades que tiveram mais eleitores do presidente<\/figcaption><\/figure>\n\n\n\n<p>O&nbsp;<a href=\"https:\/\/www1.folha.uol.com.br\/poder\/2020\/03\/veja-o-que-bolsonaro-ja-disse-sobre-coronavirus-de-certa-histeria-a-fantasia-e-nerouse.shtml\">discurso negacionista do presidente Jair Bolsonaro&nbsp;<\/a>na&nbsp;<a href=\"https:\/\/www1.folha.uol.com.br\/equilibrioesaude\/2020\/06\/brasil-tem-727-novas-mortes-por-covid-19-mostra-consorcio-de-imprensa.shtml\">epidemia do coronav\u00edrus<\/a>&nbsp;pode ter contribu\u00eddo para matar principalmente seus eleitores.<\/p>\n\n\n\n<p>Em praticamente todas as ocasi\u00f5es em que o&nbsp;<a href=\"https:\/\/www1.folha.uol.com.br\/poder\/2020\/04\/de-gripezinha-a-pedido-por-uniao-compare-os-pronunciamentos-de-bolsonaro-na-crise-do-coronavirus.shtml\">presidente minimizou a pandemia<\/a>, a taxa de isolamento social no Brasil diminuiu \u2014e mais pessoas morreram, proporcionalmente, nos munic\u00edpios que mais votaram em Bolsonaro em 2018.<\/p>\n\n\n\n<p>A conclus\u00e3o \u00e9 do estudo \u201cIdeologia, isolamento e morte: uma an\u00e1lise dos efeitos do bolsonarismo na pandemia de Covid-19\u201d, de quatro pesquisadores da Universidade Federal do ABC (UFABC), da Funda\u00e7\u00e3o Get\u00falio Vargas e da Universidade de S\u00e3o Paulo.<\/p>\n\n\n\n<p>Leia mais:<\/p>\n\n\n\n<p><a href=\"https:\/\/www1.folha.uol.com.br\/equilibrioesaude\/2020\/06\/falas-de-bolsonaro-contra-isolamento-podem-ter-matado-mais-seus-eleitores-aponta-estudo.shtml\">https:\/\/www1.folha.uol.com.br\/equilibrioesaude\/2020\/06\/falas-de-bolsonaro-contra-isolamento-podem-ter-matado-mais-seus-eleitores-aponta-estudo.shtml<\/a><\/p>\n\n\n\n<p>Fonte: Folha de S\u00e3o Paulo <\/p>\n","protected":false},"excerpt":{"rendered":"<p>O&nbsp;discurso negacionista do presidente Jair Bolsonaro&nbsp;na&nbsp;epidemia do coronav\u00edrus&nbsp;pode ter contribu\u00eddo para matar principalmente seus eleitores. Em praticamente todas as ocasi\u00f5es em que o&nbsp;presidente minimizou a pandemia, a taxa de isolamento social no Brasil diminuiu \u2014e mais pessoas morreram, proporcionalmente, nos munic\u00edpios que&hellip;<\/p>\n","protected":false},"author":1,"featured_media":1416,"comment_status":"open","ping_status":"open","sticky":false,"template":"","format":"standard","meta":{"footnotes":""},"categories":[4],"tags":[218,459,519,416],"_links":{"self":[{"href":"https:\/\/pertinente.com.br\/site\/wp-json\/wp\/v2\/posts\/1417"}],"collection":[{"href":"https:\/\/pertinente.com.br\/site\/wp-json\/wp\/v2\/posts"}],"about":[{"href":"https:\/\/pertinente.com.br\/site\/wp-json\/wp\/v2\/types\/post"}],"author":[{"embeddable":true,"href":"https:\/\/pertinente.com.br\/site\/wp-json\/wp\/v2\/users\/1"}],"replies":[{"embeddable":true,"href":"https:\/\/pertinente.com.br\/site\/wp-json\/wp\/v2\/comments?post=1417"}],"version-history":[{"count":0,"href":"https:\/\/pertinente.com.br\/site\/wp-json\/wp\/v2\/posts\/1417\/revisions"}],"wp:featuredmedia":[{"embeddable":true,"href":"https:\/\/pertinente.com.br\/site\/wp-json\/wp\/v2\/media\/1416"}],"wp:attachment":[{"href":"https:\/\/pertinente.com.br\/site\/wp-json\/wp\/v2\/media?parent=1417"}],"wp:term":[{"taxonomy":"category","embeddable":true,"href":"https:\/\/pertinente.com.br\/site\/wp-json\/wp\/v2\/categories?post=1417"},{"taxonomy":"post_tag","embeddable":true,"href":"https:\/\/pertinente.com.br\/site\/wp-json\/wp\/v2\/tags?post=1417"}],"curies":[{"name":"wp","href":"https:\/\/api.w.org\/{rel}","templated":true}]}}