{"id":1418,"date":"2020-06-30T23:03:58","date_gmt":"2020-07-01T02:03:58","guid":{"rendered":"https:\/\/pertinente.com.br\/site\/?p=1418"},"modified":"2020-06-30T23:04:06","modified_gmt":"2020-07-01T02:04:06","slug":"decotelli-polemicas-sobre-o-curriculo-do-ex-ministro-marcaram-sua-curta-passagem-pelo-mec","status":"publish","type":"post","link":"https:\/\/pertinente.com.br\/site\/2020\/06\/30\/decotelli-polemicas-sobre-o-curriculo-do-ex-ministro-marcaram-sua-curta-passagem-pelo-mec\/","title":{"rendered":"Decotelli: Pol\u00eamicas sobre o curr\u00edculo do ex-ministro marcaram sua curta passagem pelo MEC"},"content":{"rendered":"\n<figure class=\"wp-block-image size-large\"><img loading=\"lazy\" decoding=\"async\" width=\"652\" height=\"408\" src=\"https:\/\/pertinente.com.br\/site\/wp-content\/uploads\/2020\/06\/e5brz999v2zkway157fzv8n8d.jpg\" alt=\"Decotelli\" class=\"wp-image-1419\" srcset=\"https:\/\/pertinente.com.br\/site\/wp-content\/uploads\/2020\/06\/e5brz999v2zkway157fzv8n8d.jpg 652w, https:\/\/pertinente.com.br\/site\/wp-content\/uploads\/2020\/06\/e5brz999v2zkway157fzv8n8d-300x188.jpg 300w\" sizes=\"(max-width: 652px) 100vw, 652px\" \/><\/figure>\n\n\n\n<p>Rec\u00e9m anunciado como novo ministro da Educa\u00e7\u00e3o,&nbsp;&nbsp;<strong><a href=\"https:\/\/ultimosegundo.ig.com.br\/educacao\/2020-06-30\/Acusado%20de%20pl%C3%A1gio,%20ministro%20da%20Educa%C3%A7%C3%A3o%20admite%20rever%20tese%20de%20mestrado%20Fonte:%20undefined%20-%20iG%20@%20https:\/\/ultimosegundo.ig.com.br\/educacao\/2020-06-28\/acusado-de-plagio-ministro-da-educacao-admite-rever-tese-de-mestrado.html\">Carlos Alberto Decotelli<\/a><\/strong><strong>&nbsp;<\/strong>deixa o comando da pasta. An\u00fancio foi feito nesta ter\u00e7a-feira (30) ap\u00f3s ter se reunido com&nbsp;&nbsp;<strong><a href=\"https:\/\/ultimosegundo.ig.com.br\/educacao\/2020-06-29\/governo-procura-nomes-para-substituir-decotelli-no-mec.html\">Jair Bolsonaro<\/a><\/strong><strong>&nbsp;<\/strong>e entregado uma carta de demiss\u00e3o ao presidente. Segundo a emissora&nbsp;<em>CNN<\/em>&nbsp;, o motivo da sa\u00edda foi a negativa da Funda\u00e7\u00e3o Get\u00falio Vargas (FGV).<\/p>\n\n\n\n<p>Leia mais:<\/p>\n\n\n\n<p><a href=\"https:\/\/ultimosegundo.ig.com.br\/educacao\/2020-06-30\/carlos-alberto-decotelli-deixa-o-ministerio-da-educacao.html\">https:\/\/ultimosegundo.ig.com.br\/educacao\/2020-06-30\/carlos-alberto-decotelli-deixa-o-ministerio-da-educacao.html<\/a><\/p>\n\n\n\n<p>Fonte:&nbsp;IG<\/p>\n","protected":false},"excerpt":{"rendered":"<p>Rec\u00e9m anunciado como novo ministro da Educa\u00e7\u00e3o,&nbsp;&nbsp;Carlos Alberto Decotelli&nbsp;deixa o comando da pasta. An\u00fancio foi feito nesta ter\u00e7a-feira (30) ap\u00f3s ter se reunido com&nbsp;&nbsp;Jair Bolsonaro&nbsp;e entregado uma carta de demiss\u00e3o ao presidente. Segundo a emissora&nbsp;CNN&nbsp;, o motivo da sa\u00edda foi a negativa&hellip;<\/p>\n","protected":false},"author":1,"featured_media":1419,"comment_status":"open","ping_status":"open","sticky":false,"template":"","format":"standard","meta":{"footnotes":""},"categories":[4],"tags":[520,518,515],"_links":{"self":[{"href":"https:\/\/pertinente.com.br\/site\/wp-json\/wp\/v2\/posts\/1418"}],"collection":[{"href":"https:\/\/pertinente.com.br\/site\/wp-json\/wp\/v2\/posts"}],"about":[{"href":"https:\/\/pertinente.com.br\/site\/wp-json\/wp\/v2\/types\/post"}],"author":[{"embeddable":true,"href":"https:\/\/pertinente.com.br\/site\/wp-json\/wp\/v2\/users\/1"}],"replies":[{"embeddable":true,"href":"https:\/\/pertinente.com.br\/site\/wp-json\/wp\/v2\/comments?post=1418"}],"version-history":[{"count":1,"href":"https:\/\/pertinente.com.br\/site\/wp-json\/wp\/v2\/posts\/1418\/revisions"}],"predecessor-version":[{"id":1420,"href":"https:\/\/pertinente.com.br\/site\/wp-json\/wp\/v2\/posts\/1418\/revisions\/1420"}],"wp:featuredmedia":[{"embeddable":true,"href":"https:\/\/pertinente.com.br\/site\/wp-json\/wp\/v2\/media\/1419"}],"wp:attachment":[{"href":"https:\/\/pertinente.com.br\/site\/wp-json\/wp\/v2\/media?parent=1418"}],"wp:term":[{"taxonomy":"category","embeddable":true,"href":"https:\/\/pertinente.com.br\/site\/wp-json\/wp\/v2\/categories?post=1418"},{"taxonomy":"post_tag","embeddable":true,"href":"https:\/\/pertinente.com.br\/site\/wp-json\/wp\/v2\/tags?post=1418"}],"curies":[{"name":"wp","href":"https:\/\/api.w.org\/{rel}","templated":true}]}}