{"id":1423,"date":"2020-07-10T11:43:01","date_gmt":"2020-07-10T14:43:01","guid":{"rendered":"https:\/\/pertinente.com.br\/site\/2020\/07\/10\/pessoas-ligadas-ao-mbl-sao-presas-acusadas-de-crime-de-lavagem-de-dinheiro\/"},"modified":"2020-07-10T11:46:29","modified_gmt":"2020-07-10T14:46:29","slug":"pessoas-ligadas-ao-mbl-sao-presas-acusadas-de-crime-de-lavagem-de-dinheiro","status":"publish","type":"post","link":"https:\/\/pertinente.com.br\/site\/2020\/07\/10\/pessoas-ligadas-ao-mbl-sao-presas-acusadas-de-crime-de-lavagem-de-dinheiro\/","title":{"rendered":"Pessoas ligadas ao MBL s\u00e3o presas acusadas de crime de lavagem de dinheiro"},"content":{"rendered":"\n<figure class=\"wp-block-image size-large\"><img loading=\"lazy\" decoding=\"async\" width=\"639\" height=\"360\" src=\"https:\/\/pertinente.com.br\/site\/wp-content\/uploads\/2020\/07\/b04aeea0-c2a3-11ea-bd7b-e0f90fa4a4101339515966762229648.jpeg\" alt=\"\" class=\"wp-image-1421\" srcset=\"https:\/\/pertinente.com.br\/site\/wp-content\/uploads\/2020\/07\/b04aeea0-c2a3-11ea-bd7b-e0f90fa4a4101339515966762229648.jpeg 639w, https:\/\/pertinente.com.br\/site\/wp-content\/uploads\/2020\/07\/b04aeea0-c2a3-11ea-bd7b-e0f90fa4a4101339515966762229648-300x169.jpeg 300w\" sizes=\"(max-width: 639px) 100vw, 639px\" \/><\/figure>\n\n\n\n<p class=\"content-text__container\">Dois empres\u00e1rios ligados ao Movimento Brasil Livre (MBL) foram presos na manh\u00e3 desta sexta-feira (10) em S\u00e3o Paulo em uma investiga\u00e7\u00e3o contra lavagem de dinheiro, segundo o Minist\u00e9rio P\u00fablico. O grupo nega rela\u00e7\u00e3o com eles. A opera\u00e7\u00e3o \u00e9 realizada em parceria com a Pol\u00edcia Civil e a Receita Federal.<\/p>\n\n\n\n<p class=\"content-text__container\">De acordo com o MP, os presos Alessander M\u00f4naco Ferreira e Carlos Augusto de Moraes Afonso (conhecido como Luciano Ayan) s\u00e3o investigados por lavagem de dinheiro e oculta\u00e7\u00e3o de patrim\u00f4nio. O \u00f3rg\u00e3o afirma que a fam\u00edlia Ferreira dos Santos, criadora do MBL, deve cerca de R$ 400 milh\u00f5es em impostos federais. A sede do movimento, na Vila Mariana, Zona Sul de S\u00e3o Paulo, \u00e9 alvo de buscas.<\/p>\n\n\n\n<p class=\"content-text__container\">No entanto, o Minist\u00e9rio P\u00fablico n\u00e3o esclarece a rela\u00e7\u00e3o da suposta lavagem de dinheiro praticada pelos presos com a d\u00edvida de R$ 400 milh\u00f5es do criador do movimento.<\/p>\n\n\n\n<p>O Movimento Brasil Livre (<strong>MBL<\/strong>) \u00e9 um movimento pol\u00edtico brasileiro que defende o liberalismo econ\u00f4mico e o republicanismo, ativo desde 2014. <\/p>\n\n\n\n<p>Tem com fundadores&nbsp;<a class=\"fl\" href=\"https:\/\/www.google.com\/search?client=ms-android-motorola-rev2&amp;sxsrf=ALeKk03yCka7doYtB1_RpDu9wHV1Wmx9Ng:1594391983469&amp;q=Renan+Santos&amp;stick=H4sIAAAAAAAAAOPgE-LVT9c3NEwyr8ioLCg2UoJw0zOMCkoqTOO1VLOTrfTzi9IT8zKrEksy8_NQOFZp-aV5KalFi1h5glLzEvMUghPzSvKLd7AyAgCF-wAJWQAAAA&amp;sa=X&amp;ved=2ahUKEwiUrbr-9MLqAhXtH7kGHcCACwQQmxMoADAJegQIBhAC\">Renan Santos<\/a>,&nbsp;<a class=\"fl\" href=\"https:\/\/www.google.com\/search?client=ms-android-motorola-rev2&amp;sxsrf=ALeKk03yCka7doYtB1_RpDu9wHV1Wmx9Ng:1594391983469&amp;q=Kim+Kataguiri&amp;stick=H4sIAAAAAAAAAOPgE-LVT9c3NEwyr8ioLCg2UoJyKwyTLAuqyrVUs5Ot9POL0hPzMqsSSzLz81A4Vmn5pXkpqUWLWHm9M3MVvBNLEtNLM4syd7AyAgBa6mX2WgAAAA&amp;sa=X&amp;ved=2ahUKEwiUrbr-9MLqAhXtH7kGHcCACwQQmxMoATAJegQIBhAD\">Kim Kataguiri<\/a>, e foi respons\u00e1vel pela elei\u00e7\u00e3o de <a class=\"fl\" href=\"https:\/\/www.google.com\/search?client=ms-android-motorola-rev2&amp;sxsrf=ALeKk03yCka7doYtB1_RpDu9wHV1Wmx9Ng:1594391983469&amp;q=Fernando+Holiday&amp;stick=H4sIAAAAAAAAAOPgE-LVT9c3NEwyr8ioLCg2UoJwk4vNsk3My3K01DPKrfST83NyUpNLMvPz9POL0hPzMqsSQZxiq-zUSoWC1PyCnNRFrAJuqUV5iXkp-Qoe-TmZKYmVO1gZAWDBiSRfAAAA&amp;sa=X&amp;ved=2ahUKEwiUrbr-9MLqAhXtH7kGHcCACwQQmxMoAjAKegQICBAE&amp;biw=360&amp;bih=672&amp;dpr=2\">Fernando Holiday<\/a> ao cargo de vereador, em 2016, em S\u00e3o Paulo.<\/p>\n\n\n\n<p>Leia mais:<\/p>\n\n\n\n<p>https:\/\/g1.globo.com\/sp\/sao-paulo\/noticia\/2020\/07\/10\/integrantes-do-mbl-em-sp-em-operacao-contra-lavagem-de-dinheiro.ghtml<\/p>\n","protected":false},"excerpt":{"rendered":"<p>Dois empres\u00e1rios ligados ao Movimento Brasil Livre (MBL) foram presos na manh\u00e3 desta sexta-feira (10) em S\u00e3o Paulo em uma investiga\u00e7\u00e3o contra lavagem de dinheiro, segundo o Minist\u00e9rio P\u00fablico. O grupo nega rela\u00e7\u00e3o com eles. A opera\u00e7\u00e3o \u00e9 realizada em parceria com&hellip;<\/p>\n","protected":false},"author":1,"featured_media":1422,"comment_status":"open","ping_status":"open","sticky":false,"template":"","format":"standard","meta":{"footnotes":""},"categories":[4],"tags":[523,522,67,521],"_links":{"self":[{"href":"https:\/\/pertinente.com.br\/site\/wp-json\/wp\/v2\/posts\/1423"}],"collection":[{"href":"https:\/\/pertinente.com.br\/site\/wp-json\/wp\/v2\/posts"}],"about":[{"href":"https:\/\/pertinente.com.br\/site\/wp-json\/wp\/v2\/types\/post"}],"author":[{"embeddable":true,"href":"https:\/\/pertinente.com.br\/site\/wp-json\/wp\/v2\/users\/1"}],"replies":[{"embeddable":true,"href":"https:\/\/pertinente.com.br\/site\/wp-json\/wp\/v2\/comments?post=1423"}],"version-history":[{"count":1,"href":"https:\/\/pertinente.com.br\/site\/wp-json\/wp\/v2\/posts\/1423\/revisions"}],"predecessor-version":[{"id":1424,"href":"https:\/\/pertinente.com.br\/site\/wp-json\/wp\/v2\/posts\/1423\/revisions\/1424"}],"wp:featuredmedia":[{"embeddable":true,"href":"https:\/\/pertinente.com.br\/site\/wp-json\/wp\/v2\/media\/1422"}],"wp:attachment":[{"href":"https:\/\/pertinente.com.br\/site\/wp-json\/wp\/v2\/media?parent=1423"}],"wp:term":[{"taxonomy":"category","embeddable":true,"href":"https:\/\/pertinente.com.br\/site\/wp-json\/wp\/v2\/categories?post=1423"},{"taxonomy":"post_tag","embeddable":true,"href":"https:\/\/pertinente.com.br\/site\/wp-json\/wp\/v2\/tags?post=1423"}],"curies":[{"name":"wp","href":"https:\/\/api.w.org\/{rel}","templated":true}]}}