{"id":1449,"date":"2020-11-08T07:37:25","date_gmt":"2020-11-08T10:37:25","guid":{"rendered":"https:\/\/pertinente.com.br\/site\/2020\/11\/08\/espaco-para-brasil-de-bolsonaro-fica-estreito-com-biden\/"},"modified":"2020-11-08T07:37:25","modified_gmt":"2020-11-08T10:37:25","slug":"espaco-para-brasil-de-bolsonaro-fica-estreito-com-biden","status":"publish","type":"post","link":"https:\/\/pertinente.com.br\/site\/2020\/11\/08\/espaco-para-brasil-de-bolsonaro-fica-estreito-com-biden\/","title":{"rendered":"Espa\u00e7o para Brasil de Bolsonaro fica estreito com Biden"},"content":{"rendered":"\n<figure class=\"wp-block-image size-large\"><img loading=\"lazy\" decoding=\"async\" width=\"800\" height=\"384\" src=\"https:\/\/pertinente.com.br\/site\/wp-content\/uploads\/2020\/11\/images282292472629409608329618..jpg\" alt=\"\" class=\"wp-image-1447\" srcset=\"https:\/\/pertinente.com.br\/site\/wp-content\/uploads\/2020\/11\/images282292472629409608329618..jpg 800w, https:\/\/pertinente.com.br\/site\/wp-content\/uploads\/2020\/11\/images282292472629409608329618.-300x144.jpg 300w, https:\/\/pertinente.com.br\/site\/wp-content\/uploads\/2020\/11\/images282292472629409608329618.-768x369.jpg 768w\" sizes=\"(max-width: 800px) 100vw, 800px\" \/><\/figure>\n\n\n\n<p>Editorial Globo &#8211; N\u00e3o se sabe ainda como ser\u00e1 a transi\u00e7\u00e3o de poder nos Estados Unidos, mas a vit\u00f3ria de Joe Biden na elei\u00e7\u00e3o americana traz desafios particulares ao Brasil de Jair Bolsonaro. Na ditadura, o governo Geisel enfrentou percal\u00e7os com o tamb\u00e9m democrata Jimmy Carter, pelo desrespeito aos direitos humanos. Agora, na democracia, o Brasil pagar\u00e1 o pre\u00e7o de Bolsonaro ter apostado abertamente em Donald Trump \u2014e ter sido derrotado com ele.<\/p>\n\n\n\n<p>Leia mais:<\/p>\n\n\n\n<p><a href=\"https:\/\/oglobo.globo.com\/opiniao\/espaco-para-brasil-de-bolsonaro-fica-estreito-com-biden-1-24734322?utm_source=globo.com&#038;utm_medium=oglobo\">https:\/\/oglobo.globo.com\/opiniao\/espaco-para-brasil-de-bolsonaro-fica-estreito-com-biden-1-24734322?utm_source=globo.com&amp;utm_medium=oglobo<\/a><\/p>\n","protected":false},"excerpt":{"rendered":"<p>Editorial Globo &#8211; N\u00e3o se sabe ainda como ser\u00e1 a transi\u00e7\u00e3o de poder nos Estados Unidos, mas a vit\u00f3ria de Joe Biden na elei\u00e7\u00e3o americana traz desafios particulares ao Brasil de Jair Bolsonaro. Na ditadura, o governo Geisel enfrentou percal\u00e7os com o&hellip;<\/p>\n","protected":false},"author":1,"featured_media":1448,"comment_status":"open","ping_status":"open","sticky":false,"template":"","format":"standard","meta":{"footnotes":""},"categories":[4],"tags":[532,218,14,232,56],"_links":{"self":[{"href":"https:\/\/pertinente.com.br\/site\/wp-json\/wp\/v2\/posts\/1449"}],"collection":[{"href":"https:\/\/pertinente.com.br\/site\/wp-json\/wp\/v2\/posts"}],"about":[{"href":"https:\/\/pertinente.com.br\/site\/wp-json\/wp\/v2\/types\/post"}],"author":[{"embeddable":true,"href":"https:\/\/pertinente.com.br\/site\/wp-json\/wp\/v2\/users\/1"}],"replies":[{"embeddable":true,"href":"https:\/\/pertinente.com.br\/site\/wp-json\/wp\/v2\/comments?post=1449"}],"version-history":[{"count":0,"href":"https:\/\/pertinente.com.br\/site\/wp-json\/wp\/v2\/posts\/1449\/revisions"}],"wp:featuredmedia":[{"embeddable":true,"href":"https:\/\/pertinente.com.br\/site\/wp-json\/wp\/v2\/media\/1448"}],"wp:attachment":[{"href":"https:\/\/pertinente.com.br\/site\/wp-json\/wp\/v2\/media?parent=1449"}],"wp:term":[{"taxonomy":"category","embeddable":true,"href":"https:\/\/pertinente.com.br\/site\/wp-json\/wp\/v2\/categories?post=1449"},{"taxonomy":"post_tag","embeddable":true,"href":"https:\/\/pertinente.com.br\/site\/wp-json\/wp\/v2\/tags?post=1449"}],"curies":[{"name":"wp","href":"https:\/\/api.w.org\/{rel}","templated":true}]}}