{"id":1452,"date":"2020-11-08T10:47:37","date_gmt":"2020-11-08T13:47:37","guid":{"rendered":"https:\/\/pertinente.com.br\/site\/2020\/11\/08\/brasil-corre-risco-de-isolamento-mundial-apos-resultado-das-eleicoes-norte-americana\/"},"modified":"2020-11-08T10:47:37","modified_gmt":"2020-11-08T13:47:37","slug":"brasil-corre-risco-de-isolamento-mundial-apos-resultado-das-eleicoes-norte-americana","status":"publish","type":"post","link":"https:\/\/pertinente.com.br\/site\/2020\/11\/08\/brasil-corre-risco-de-isolamento-mundial-apos-resultado-das-eleicoes-norte-americana\/","title":{"rendered":"Brasil corre risco de isolamento mundial, ap\u00f3s resultado das elei\u00e7\u00f5es norte americana"},"content":{"rendered":"\n<figure class=\"wp-block-image size-large\"><img loading=\"lazy\" decoding=\"async\" width=\"768\" height=\"512\" src=\"https:\/\/pertinente.com.br\/site\/wp-content\/uploads\/2020\/11\/7qtnsmsc6vfphm63to2aaj6de48628833990041838497.jpg\" alt=\"\" class=\"wp-image-1450\" srcset=\"https:\/\/pertinente.com.br\/site\/wp-content\/uploads\/2020\/11\/7qtnsmsc6vfphm63to2aaj6de48628833990041838497.jpg 768w, https:\/\/pertinente.com.br\/site\/wp-content\/uploads\/2020\/11\/7qtnsmsc6vfphm63to2aaj6de48628833990041838497-300x200.jpg 300w\" sizes=\"(max-width: 768px) 100vw, 768px\" \/><\/figure>\n\n\n\n<p>\u00a0O presidente Jair Bolsonaro ficou \u00f3rf\u00e3o de Donald Trump, seu maior aliado no flanco ambiental, e ter\u00e1 de abandonar seu eleitorado tradicional, que \u00e9 negacionista clim\u00e1tico, para sobreviver em meio \u00e0s negocia\u00e7\u00f5es internacionais sobre o aumento da temperatura do planeta. A revitaliza\u00e7\u00e3o do debate ser\u00e1 conduzida pelo sucessor do republicano na Casa Branca, o democrata Joe Biden.<\/p>\n\n\n\n<p>Para o climatologista Carlos Nobre, que descreve o panorama acima em entrevista ao GLOBO, o Brasil precisar\u00e1 explicar \u00e0 comunidade internacional como suas emiss\u00f5es aumentaram mesmo em plena pandemia do coronav\u00edrus, um reflexo do aumento do desmatamento no pa\u00eds. Tamb\u00e9m precisar\u00e1 reconstruir suas pontes com os aliados europeus, abandonados durante a aproxima\u00e7\u00e3o com os EUA.<\/p>\n\n\n\n<p>Leia mais:<\/p>\n\n\n\n<p><a href=\"https:\/\/oglobo.globo.com\/sociedade\/brasil-corre-risco-de-isolamento-mundial-se-evitar-debate-sobre-clima-diz-carlos-nobre-24735221?utm_source=globo.com&#038;utm_medium=oglobo\">https:\/\/oglobo.globo.com\/sociedade\/brasil-corre-risco-de-isolamento-mundial-se-evitar-debate-sobre-clima-diz-carlos-nobre-24735221?utm_source=globo.com&amp;utm_medium=oglobo<\/a><\/p>\n","protected":false},"excerpt":{"rendered":"<p>\u00a0O presidente Jair Bolsonaro ficou \u00f3rf\u00e3o de Donald Trump, seu maior aliado no flanco ambiental, e ter\u00e1 de abandonar seu eleitorado tradicional, que \u00e9 negacionista clim\u00e1tico, para sobreviver em meio \u00e0s negocia\u00e7\u00f5es internacionais sobre o aumento da temperatura do planeta. A revitaliza\u00e7\u00e3o&hellip;<\/p>\n","protected":false},"author":1,"featured_media":1451,"comment_status":"open","ping_status":"open","sticky":false,"template":"","format":"standard","meta":{"footnotes":""},"categories":[4],"tags":[218,14,326,232,536],"_links":{"self":[{"href":"https:\/\/pertinente.com.br\/site\/wp-json\/wp\/v2\/posts\/1452"}],"collection":[{"href":"https:\/\/pertinente.com.br\/site\/wp-json\/wp\/v2\/posts"}],"about":[{"href":"https:\/\/pertinente.com.br\/site\/wp-json\/wp\/v2\/types\/post"}],"author":[{"embeddable":true,"href":"https:\/\/pertinente.com.br\/site\/wp-json\/wp\/v2\/users\/1"}],"replies":[{"embeddable":true,"href":"https:\/\/pertinente.com.br\/site\/wp-json\/wp\/v2\/comments?post=1452"}],"version-history":[{"count":0,"href":"https:\/\/pertinente.com.br\/site\/wp-json\/wp\/v2\/posts\/1452\/revisions"}],"wp:featuredmedia":[{"embeddable":true,"href":"https:\/\/pertinente.com.br\/site\/wp-json\/wp\/v2\/media\/1451"}],"wp:attachment":[{"href":"https:\/\/pertinente.com.br\/site\/wp-json\/wp\/v2\/media?parent=1452"}],"wp:term":[{"taxonomy":"category","embeddable":true,"href":"https:\/\/pertinente.com.br\/site\/wp-json\/wp\/v2\/categories?post=1452"},{"taxonomy":"post_tag","embeddable":true,"href":"https:\/\/pertinente.com.br\/site\/wp-json\/wp\/v2\/tags?post=1452"}],"curies":[{"name":"wp","href":"https:\/\/api.w.org\/{rel}","templated":true}]}}