{"id":1458,"date":"2020-11-25T15:38:10","date_gmt":"2020-11-25T18:38:10","guid":{"rendered":"https:\/\/pertinente.com.br\/site\/2020\/11\/25\/morre-maradona-aos-60\/"},"modified":"2020-11-25T15:38:10","modified_gmt":"2020-11-25T18:38:10","slug":"morre-maradona-aos-60","status":"publish","type":"post","link":"https:\/\/pertinente.com.br\/site\/2020\/11\/25\/morre-maradona-aos-60\/","title":{"rendered":"Morre Maradona aos 60"},"content":{"rendered":"\n<figure class=\"wp-block-image size-large\"><img loading=\"lazy\" decoding=\"async\" width=\"300\" height=\"230\" src=\"https:\/\/pertinente.com.br\/site\/wp-content\/uploads\/2020\/11\/images2820292924867840884593980..jpg\" alt=\"\" class=\"wp-image-1456\"\/><\/figure>\n\n\n\n<p>Morreu nesta quarta-feira (25) Diego Armando Maradona, aos 60 anos. A informa\u00e7\u00e3o foi confirmada por seu advogado. Campe\u00e3o da Copa do Mundo de 1986 com a sele\u00e7\u00e3o do pa\u00eds, foi um dos maiores jogadores de futebol de todos os tempos.<\/p>\n\n\n\n<p>Segundo o jornal argentino Clar\u00edn, Maradona teve uma parada cardiorrespirat\u00f3ria em casa, em Tigre, na regi\u00e3o de Buenos Aires,&nbsp;<a href=\"https:\/\/www1.folha.uol.com.br\/esporte\/2020\/11\/maradona-devera-ter-alta-nesta-quarta-e-se-recuperar-em-isolamento.shtml\">onde estava<\/a>&nbsp;desde que&nbsp;<a href=\"https:\/\/www1.folha.uol.com.br\/esporte\/2020\/11\/maradona-esta-sedado-para-atenuar-sintomas-de-abstinencia.shtml\">passou por um procedimento cir\u00fargico na cabe\u00e7a mais cedo neste mesmo m\u00eas de novembro.<\/a><\/p>\n\n\n\n<p>Maior \u00eddolo esportivo da Argentina, ele nasceu no dia 30 de outubro de 1960 e cresceu no humilde bairro de Villa Fiorito, no sub\u00farbio de Buenos Aires.<\/p>\n\n\n\n<p>Morreu nesta quarta-feira (25) Diego Armando Maradona, aos 60 anos. A informa\u00e7\u00e3o foi confirmada por seu advogado. Campe\u00e3o da Copa do Mundo de 1986 com a sele\u00e7\u00e3o do pa\u00eds, foi um dos maiores jogadores de futebol de todos os tempos.<\/p>\n\n\n\n<p>Segundo o jornal argentino Clar\u00edn, Maradona teve uma parada cardiorrespirat\u00f3ria em casa, em Tigre, na regi\u00e3o de Buenos Aires,&nbsp;<a href=\"https:\/\/www1.folha.uol.com.br\/esporte\/2020\/11\/maradona-devera-ter-alta-nesta-quarta-e-se-recuperar-em-isolamento.shtml\">onde estava<\/a>&nbsp;desde que&nbsp;<a href=\"https:\/\/www1.folha.uol.com.br\/esporte\/2020\/11\/maradona-esta-sedado-para-atenuar-sintomas-de-abstinencia.shtml\">passou por um procedimento cir\u00fargico na cabe\u00e7a mais cedo neste mesmo m\u00eas de novembro.<\/a><\/p>\n\n\n\n<p>Maior \u00eddolo esportivo da Argentina, ele nasceu no dia 30 de outubro de 1960 e cresceu no humilde bairro de Villa Fiorito, no sub\u00farbio de Buenos Aires.<\/p>\n\n\n\n<p>Leia mais:<\/p>\n\n\n\n<p><a href=\"https:\/\/www1.folha.uol.com.br\/esporte\/2020\/11\/diego-maradona-morre-aos-60-anos-diz-imprensa-argentina.shtml\">https:\/\/www1.folha.uol.com.br\/esporte\/2020\/11\/diego-maradona-morre-aos-60-anos-diz-imprensa-argentina.shtml<\/a><\/p>\n","protected":false},"excerpt":{"rendered":"<p>Morreu nesta quarta-feira (25) Diego Armando Maradona, aos 60 anos. A informa\u00e7\u00e3o foi confirmada por seu advogado. Campe\u00e3o da Copa do Mundo de 1986 com a sele\u00e7\u00e3o do pa\u00eds, foi um dos maiores jogadores de futebol de todos os tempos. Segundo o&hellip;<\/p>\n","protected":false},"author":1,"featured_media":1457,"comment_status":"open","ping_status":"open","sticky":false,"template":"","format":"standard","meta":{"footnotes":""},"categories":[4],"tags":[454,242,538,539],"_links":{"self":[{"href":"https:\/\/pertinente.com.br\/site\/wp-json\/wp\/v2\/posts\/1458"}],"collection":[{"href":"https:\/\/pertinente.com.br\/site\/wp-json\/wp\/v2\/posts"}],"about":[{"href":"https:\/\/pertinente.com.br\/site\/wp-json\/wp\/v2\/types\/post"}],"author":[{"embeddable":true,"href":"https:\/\/pertinente.com.br\/site\/wp-json\/wp\/v2\/users\/1"}],"replies":[{"embeddable":true,"href":"https:\/\/pertinente.com.br\/site\/wp-json\/wp\/v2\/comments?post=1458"}],"version-history":[{"count":0,"href":"https:\/\/pertinente.com.br\/site\/wp-json\/wp\/v2\/posts\/1458\/revisions"}],"wp:featuredmedia":[{"embeddable":true,"href":"https:\/\/pertinente.com.br\/site\/wp-json\/wp\/v2\/media\/1457"}],"wp:attachment":[{"href":"https:\/\/pertinente.com.br\/site\/wp-json\/wp\/v2\/media?parent=1458"}],"wp:term":[{"taxonomy":"category","embeddable":true,"href":"https:\/\/pertinente.com.br\/site\/wp-json\/wp\/v2\/categories?post=1458"},{"taxonomy":"post_tag","embeddable":true,"href":"https:\/\/pertinente.com.br\/site\/wp-json\/wp\/v2\/tags?post=1458"}],"curies":[{"name":"wp","href":"https:\/\/api.w.org\/{rel}","templated":true}]}}