{"id":1461,"date":"2020-12-23T07:18:22","date_gmt":"2020-12-23T10:18:22","guid":{"rendered":"https:\/\/pertinente.com.br\/site\/2020\/12\/23\/supremo-pede-a-fiocruz-para-reservar-antecipadamente-vacina-para-seus-7-000-servidores\/"},"modified":"2020-12-23T07:18:22","modified_gmt":"2020-12-23T10:18:22","slug":"supremo-pede-a-fiocruz-para-reservar-antecipadamente-vacina-para-seus-7-000-servidores","status":"publish","type":"post","link":"https:\/\/pertinente.com.br\/site\/2020\/12\/23\/supremo-pede-a-fiocruz-para-reservar-antecipadamente-vacina-para-seus-7-000-servidores\/","title":{"rendered":"Supremo pede \u00e0 Fiocruz para reservar antecipadamente vacina para seus 7.000 servidores"},"content":{"rendered":"\n<figure class=\"wp-block-image size-large\"><img loading=\"lazy\" decoding=\"async\" width=\"768\" height=\"512\" src=\"https:\/\/pertinente.com.br\/site\/wp-content\/uploads\/2020\/12\/15819696105e4af0ca881ec_1581969610_3x2_md4765610454187138484.jpg\" alt=\"\" class=\"wp-image-1459\" srcset=\"https:\/\/pertinente.com.br\/site\/wp-content\/uploads\/2020\/12\/15819696105e4af0ca881ec_1581969610_3x2_md4765610454187138484.jpg 768w, https:\/\/pertinente.com.br\/site\/wp-content\/uploads\/2020\/12\/15819696105e4af0ca881ec_1581969610_3x2_md4765610454187138484-300x200.jpg 300w\" sizes=\"(max-width: 768px) 100vw, 768px\" \/><\/figure>\n\n\n\n<p>O tribunal negou que o pedido represente uma tentativa de antecipar a imuniza\u00e7\u00e3o dos servidores e ministros da corte em rela\u00e7\u00e3o ao restante da popula\u00e7\u00e3o.<\/p>\n\n\n\n<p>O STJ (Superior Tribunal de Justi\u00e7a) fez um pedido similar \u00e0 Fiocruz. A informa\u00e7\u00e3o foi revelada pela Revista Veja, e confirmada pela\u00a0<strong>Folha<\/strong>. Ao responder aos questionamentos sobre o tema, o STJ informou que o STF havia agido da mesma maneira.<\/p>\n\n\n\n<p>Leia mais:<\/p>\n\n\n\n<p>https:\/\/www1.folha.uol.com.br\/equilibrioesaude\/2020\/12\/supremo-pede-a-fiocruz-reserva-de-vacina-para-7000-servidores-para-contribuir-com-pais.shtml<\/p>\n","protected":false},"excerpt":{"rendered":"<p>O tribunal negou que o pedido represente uma tentativa de antecipar a imuniza\u00e7\u00e3o dos servidores e ministros da corte em rela\u00e7\u00e3o ao restante da popula\u00e7\u00e3o. O STJ (Superior Tribunal de Justi\u00e7a) fez um pedido similar \u00e0 Fiocruz. A informa\u00e7\u00e3o foi revelada pela&hellip;<\/p>\n","protected":false},"author":1,"featured_media":1460,"comment_status":"open","ping_status":"open","sticky":false,"template":"","format":"standard","meta":{"footnotes":""},"categories":[4],"tags":[365,540,66,17],"_links":{"self":[{"href":"https:\/\/pertinente.com.br\/site\/wp-json\/wp\/v2\/posts\/1461"}],"collection":[{"href":"https:\/\/pertinente.com.br\/site\/wp-json\/wp\/v2\/posts"}],"about":[{"href":"https:\/\/pertinente.com.br\/site\/wp-json\/wp\/v2\/types\/post"}],"author":[{"embeddable":true,"href":"https:\/\/pertinente.com.br\/site\/wp-json\/wp\/v2\/users\/1"}],"replies":[{"embeddable":true,"href":"https:\/\/pertinente.com.br\/site\/wp-json\/wp\/v2\/comments?post=1461"}],"version-history":[{"count":0,"href":"https:\/\/pertinente.com.br\/site\/wp-json\/wp\/v2\/posts\/1461\/revisions"}],"wp:featuredmedia":[{"embeddable":true,"href":"https:\/\/pertinente.com.br\/site\/wp-json\/wp\/v2\/media\/1460"}],"wp:attachment":[{"href":"https:\/\/pertinente.com.br\/site\/wp-json\/wp\/v2\/media?parent=1461"}],"wp:term":[{"taxonomy":"category","embeddable":true,"href":"https:\/\/pertinente.com.br\/site\/wp-json\/wp\/v2\/categories?post=1461"},{"taxonomy":"post_tag","embeddable":true,"href":"https:\/\/pertinente.com.br\/site\/wp-json\/wp\/v2\/tags?post=1461"}],"curies":[{"name":"wp","href":"https:\/\/api.w.org\/{rel}","templated":true}]}}