{"id":185,"date":"2017-04-16T22:27:58","date_gmt":"2017-04-16T22:27:58","guid":{"rendered":"http:\/\/pertinente.com.br\/site\/?p=185"},"modified":"2017-04-16T22:34:42","modified_gmt":"2017-04-16T22:34:42","slug":"fala-de-temer-admite-que-abertura-do-impeachment-foi-motivada-por-vinganca","status":"publish","type":"post","link":"https:\/\/pertinente.com.br\/site\/2017\/04\/16\/fala-de-temer-admite-que-abertura-do-impeachment-foi-motivada-por-vinganca\/","title":{"rendered":"Temer admite que Impeachment foi motivado por vingan\u00e7a"},"content":{"rendered":"<p>O que j\u00e1 era claro, est\u00e1 ficando cada vez mais expl\u00edcito: as verdadeiras motiva\u00e7\u00f5es que permitiram e levaram a cabo o processo de impeachment da ent\u00e3o presidente Dilma Rousseff.\u00a0Em entrevista \u00e0 TV Band, na noite deste s\u00e1bado, 15\/04\/2017, Michel Temer admitiu que queda da ex-Presidente est\u00e1 relacionada \u00e0 cassa\u00e7\u00e3o de Eduardo Cunha.<\/p>\n<p><a href=\"http:\/\/pertinente.com.br\/site\/wp-content\/uploads\/2017\/04\/se-o-pt-tivesse-votado-nele-naquele-comite-de-etica-seria-muito-provavel.jpg\"><img loading=\"lazy\" decoding=\"async\" class=\"alignnone wp-image-187\" src=\"http:\/\/pertinente.com.br\/site\/wp-content\/uploads\/2017\/04\/se-o-pt-tivesse-votado-nele-naquele-comite-de-etica-seria-muito-provavel-300x169.jpg\" alt=\"\" width=\"481\" height=\"271\" srcset=\"https:\/\/pertinente.com.br\/site\/wp-content\/uploads\/2017\/04\/se-o-pt-tivesse-votado-nele-naquele-comite-de-etica-seria-muito-provavel-300x169.jpg 300w, https:\/\/pertinente.com.br\/site\/wp-content\/uploads\/2017\/04\/se-o-pt-tivesse-votado-nele-naquele-comite-de-etica-seria-muito-provavel.jpg 627w\" sizes=\"(max-width: 481px) 100vw, 481px\" \/><\/a><\/p>\n<p>A defesa de Dilma pedir\u00e1 ao Supremo Tribunal Federal (STF) que acrescente \u00e0s provas da a\u00e7\u00e3o que questiona a legalidade do processo de impeachment a entrevista concedida pelo presidente Michel Temer (PMDB).<\/p>\n<p>Temer admitiu que Dilma n\u00e3o seria cassada, e permaneceria como presidente da Rep\u00fablica, se deputados do Partido dos Trabalhadores tivessem absolvido no Conselho de \u00c9tica da C\u00e2mara o ent\u00e3o presidente da\u00a0C\u00e2mara, o ex-deputado Eduardo Cunha (PMDB).<\/p>\n<p>&#8220;A confiss\u00e3o do senhor Michel Temer \u00e9 fato novo e ser\u00e1 inclu\u00eddo no mandado de seguran\u00e7a que est\u00e1 tramitando no STF questionando a legalidade do processo de impeachment. \u00c9 a prova de que Cunha abriu o processo por vingan\u00e7a&#8221;, disse o ex-ministro da Justi\u00e7a e ex-advogado-geral da Uni\u00e3o Jos\u00e9 Eduardo Cardozo, informando que a peti\u00e7\u00e3o ser\u00e1 apresentada ao Supremo nesta segunda-feira (17).<\/p>\n<p>Fonte: <a href=\"http:\/\/www.jb.com.br\/pais\/noticias\/2017\/04\/16\/defesa-de-dilma-pede-que-stf-acrescente-entrevista-de-temer-a-provas\/\">Jornal do Brasil<\/a><\/p>\n","protected":false},"excerpt":{"rendered":"<p>O que j\u00e1 era claro, est\u00e1 ficando cada vez mais expl\u00edcito: as verdadeiras motiva\u00e7\u00f5es que permitiram e levaram a cabo o processo de impeachment da ent\u00e3o presidente Dilma Rousseff.\u00a0Em entrevista \u00e0 TV Band, na noite deste s\u00e1bado, 15\/04\/2017, Michel Temer admitiu que&hellip;<\/p>\n","protected":false},"author":1,"featured_media":187,"comment_status":"open","ping_status":"open","sticky":false,"template":"","format":"standard","meta":{"footnotes":""},"categories":[4],"tags":[12,10,9,11],"_links":{"self":[{"href":"https:\/\/pertinente.com.br\/site\/wp-json\/wp\/v2\/posts\/185"}],"collection":[{"href":"https:\/\/pertinente.com.br\/site\/wp-json\/wp\/v2\/posts"}],"about":[{"href":"https:\/\/pertinente.com.br\/site\/wp-json\/wp\/v2\/types\/post"}],"author":[{"embeddable":true,"href":"https:\/\/pertinente.com.br\/site\/wp-json\/wp\/v2\/users\/1"}],"replies":[{"embeddable":true,"href":"https:\/\/pertinente.com.br\/site\/wp-json\/wp\/v2\/comments?post=185"}],"version-history":[{"count":6,"href":"https:\/\/pertinente.com.br\/site\/wp-json\/wp\/v2\/posts\/185\/revisions"}],"predecessor-version":[{"id":192,"href":"https:\/\/pertinente.com.br\/site\/wp-json\/wp\/v2\/posts\/185\/revisions\/192"}],"wp:featuredmedia":[{"embeddable":true,"href":"https:\/\/pertinente.com.br\/site\/wp-json\/wp\/v2\/media\/187"}],"wp:attachment":[{"href":"https:\/\/pertinente.com.br\/site\/wp-json\/wp\/v2\/media?parent=185"}],"wp:term":[{"taxonomy":"category","embeddable":true,"href":"https:\/\/pertinente.com.br\/site\/wp-json\/wp\/v2\/categories?post=185"},{"taxonomy":"post_tag","embeddable":true,"href":"https:\/\/pertinente.com.br\/site\/wp-json\/wp\/v2\/tags?post=185"}],"curies":[{"name":"wp","href":"https:\/\/api.w.org\/{rel}","templated":true}]}}