{"id":193,"date":"2017-04-17T11:37:36","date_gmt":"2017-04-17T11:37:36","guid":{"rendered":"http:\/\/pertinente.com.br\/site\/?p=193"},"modified":"2017-04-19T21:03:33","modified_gmt":"2017-04-19T21:03:33","slug":"quem-teve-dengue-corre-menos-risco-de-ter-febre-amarela","status":"publish","type":"post","link":"https:\/\/pertinente.com.br\/site\/2017\/04\/17\/quem-teve-dengue-corre-menos-risco-de-ter-febre-amarela\/","title":{"rendered":"Quem teve dengue corre menos risco de ter febre amarela"},"content":{"rendered":"<p>No meio da epidemias de mil doen\u00e7as novas e antigas que (ainda) assolam o Brasil, pode ser que voc\u00ea ou\u00e7a algu\u00e9m dizer alegremente: &#8220;Que bom, eu tou com dengue!&#8221;.<\/p>\n<figure id=\"attachment_195\" aria-describedby=\"caption-attachment-195\" style=\"width: 280px\" class=\"wp-caption alignnone\"><a href=\"http:\/\/pertinente.com.br\/site\/wp-content\/uploads\/2017\/04\/images-4.jpg\"><img loading=\"lazy\" decoding=\"async\" class=\"wp-image-195 size-full\" src=\"http:\/\/pertinente.com.br\/site\/wp-content\/uploads\/2017\/04\/images-4.jpg\" alt=\"\" width=\"280\" height=\"204\" \/><\/a><figcaption id=\"caption-attachment-195\" class=\"wp-caption-text\">Aedes Aegypti &#8211; Mosquito transmissor da Dengue e da Febre Amarela, al\u00e9m de outras doen\u00e7as.<\/figcaption><\/figure>\n<p>Como assim? \u00c9 que de acordo com o Instituto de Tecnologia em Imunobiol\u00f3gicos da Funda\u00e7\u00e3o Oswaldo Cruz, o\u00a0paciente que contraiu dengue pode ter menos chance de ser infectado pela febre amarela.<\/p>\n<p>De acordo com o Instituto,\u00a0h\u00e1 muitas evid\u00eancias laboratoriais, epidemiol\u00f3gicas e hist\u00f3ricas de que a dengue protege contra a febre amarela. Um estudo feito ali mostrou que a viremia (presen\u00e7a de v\u00edrus no sangue) \u00e9 mais baixa nas pessoas que j\u00e1 tiveram dengue.<\/p>\n<p>Ou seja, teria sido descoberta a cura para essa temerosa doen\u00e7a?<\/p>\n<p><a href=\"https:\/\/saude.terra.com.br\/risco-de-contrair-febre-amarela-pode-ser-menor-para-quem-ja-teve-dengue,eecac0393d9cd745ee5a99beb3170191m7esm4un.html\">Saber mais&#8230;<\/a><\/p>\n","protected":false},"excerpt":{"rendered":"<p>No meio da epidemias de mil doen\u00e7as novas e antigas que (ainda) assolam o Brasil, pode ser que voc\u00ea ou\u00e7a algu\u00e9m dizer alegremente: &#8220;Que bom, eu tou com dengue!&#8221;. Como assim? \u00c9 que de acordo com o Instituto de Tecnologia em Imunobiol\u00f3gicos&hellip;<\/p>\n","protected":false},"author":1,"featured_media":195,"comment_status":"open","ping_status":"open","sticky":false,"template":"","format":"standard","meta":{"footnotes":""},"categories":[4],"tags":[15,16,17],"_links":{"self":[{"href":"https:\/\/pertinente.com.br\/site\/wp-json\/wp\/v2\/posts\/193"}],"collection":[{"href":"https:\/\/pertinente.com.br\/site\/wp-json\/wp\/v2\/posts"}],"about":[{"href":"https:\/\/pertinente.com.br\/site\/wp-json\/wp\/v2\/types\/post"}],"author":[{"embeddable":true,"href":"https:\/\/pertinente.com.br\/site\/wp-json\/wp\/v2\/users\/1"}],"replies":[{"embeddable":true,"href":"https:\/\/pertinente.com.br\/site\/wp-json\/wp\/v2\/comments?post=193"}],"version-history":[{"count":3,"href":"https:\/\/pertinente.com.br\/site\/wp-json\/wp\/v2\/posts\/193\/revisions"}],"predecessor-version":[{"id":198,"href":"https:\/\/pertinente.com.br\/site\/wp-json\/wp\/v2\/posts\/193\/revisions\/198"}],"wp:featuredmedia":[{"embeddable":true,"href":"https:\/\/pertinente.com.br\/site\/wp-json\/wp\/v2\/media\/195"}],"wp:attachment":[{"href":"https:\/\/pertinente.com.br\/site\/wp-json\/wp\/v2\/media?parent=193"}],"wp:term":[{"taxonomy":"category","embeddable":true,"href":"https:\/\/pertinente.com.br\/site\/wp-json\/wp\/v2\/categories?post=193"},{"taxonomy":"post_tag","embeddable":true,"href":"https:\/\/pertinente.com.br\/site\/wp-json\/wp\/v2\/tags?post=193"}],"curies":[{"name":"wp","href":"https:\/\/api.w.org\/{rel}","templated":true}]}}