{"id":201,"date":"2017-04-19T21:02:41","date_gmt":"2017-04-19T21:02:41","guid":{"rendered":"http:\/\/pertinente.com.br\/site\/?p=201"},"modified":"2017-04-19T21:02:41","modified_gmt":"2017-04-19T21:02:41","slug":"papa-recusa-convite-de-temer-para-vir-ao-brasil","status":"publish","type":"post","link":"https:\/\/pertinente.com.br\/site\/2017\/04\/19\/papa-recusa-convite-de-temer-para-vir-ao-brasil\/","title":{"rendered":"Papa recusa convite de Temer para vir ao Brasil"},"content":{"rendered":"<p>-&#8220;Venha, Bergoglio. N\u00e3o h\u00e1 nada a TEMER!&#8221;<\/p>\n<p>-&#8220;Me inclua FORA disso, TEMER.&#8221;<\/p>\n<p><img decoding=\"async\" src=\"http:\/\/ejesa.statig.com.br\/bancodeimagens\/2a\/1r\/97\/2a1r97cm55u394984yyl8xdkq.jpg\" \/><\/p>\n<div>O Papa Francisco enviou\u00a0uma carta de resposta ao presidente Michel Temer, ap\u00f3s ser convidado,\u00a0no fim de 2016, para as celebra\u00e7\u00f5es dos 300 anos da apari\u00e7\u00e3o de Nossa Senhora Aparecida, comemorados este ano.<\/p>\n<p class=\" \">Na mensagem, o Pont\u00edfice explica que\u00a0por motivos\u00a0de\u00a0agenda, n\u00e3o poder\u00e1\u00a0vir\u00a0ao Brasil\u00a0neste ano. Francisco, entretanto, afirmou rezar pelo pa\u00eds e que acompanha \u201ccom aten\u00e7\u00e3o\u201d os acontecimentos daqui.<\/p>\n<p class=\" \">Na carta, o Papa ainda cobra solu\u00e7\u00f5es para a crise que evitem\u00a0agravar o caos da popula\u00e7\u00e3o\u00a0mais pobre do pa\u00eds.\u00a0\u201cSei bem que a crise que o pa\u00eds enfrenta n\u00e3o \u00e9 de simples solu\u00e7\u00e3o, uma vez que tem ra\u00edzes s\u00f3cio-pol\u00edtico-econ\u00f4micas, e n\u00e3o corresponde \u00e0 Igreja nem ao Papa dar uma receita concreta para resolver algo t\u00e3o complexo\u201d, ponderou\u00a0o Pont\u00edfice.<\/p>\n<p class=\" \">\u201cPor\u00e9m n\u00e3o posso deixar de pensar em tantas pessoas, sobretudo nos mais pobres, que muitas vezes se veem completamente abandonados e costumam ser aqueles que pagam o pre\u00e7o mais amargo e dilacerante de algumas solu\u00e7\u00f5es f\u00e1ceis e superficiais para crises que v\u00e3o muito al\u00e9m da esfera meramente financeira\u201d, acrescentou.<\/p>\n<p>Ainda na mensagem enviada ao presidente,\u00a0o Papa\u00a0alerta a Temer para &#8220;n\u00e3o\u00a0confiar nas for\u00e7as cegas e na m\u00e3o invis\u00edvel do mercado\u201d.<\/p>\n<p><strong>Apoio a\u00a0Dilma<\/strong><\/p>\n<p>Ano passado, Papa Francisco se posicionou algumas vezes em meio ao processo de impeachment de Dilma Rousseff. Em setembro, na inaugura\u00e7\u00e3o de uma imagem de Nossa Senhora Aparecida no Vaticano, mostrou preocupa\u00e7\u00e3o com o &#8220;momento triste\u201d pelo qual o pa\u00eds passava. Semanas antes,\u00a0o Pont\u00edfice\u00a0enviara uma carta n\u00e3o oficial em apoio a Dilma Rousseff, antes da ex-presidente sofrer\u00a0o impeachment.<\/p>\n<p><a href=\"http:\/\/odia.ig.com.br\/brasil\/2017-04-18\/em-carta-a-temer-papa-recusa-visita-ao-brasil-e-cobra-atencao-aos-mais-pobres.html\">Fonte: <strong>O Dia<\/strong><\/a><\/p>\n<\/div>\n","protected":false},"excerpt":{"rendered":"<p>-&#8220;Venha, Bergoglio. N\u00e3o h\u00e1 nada a TEMER!&#8221; -&#8220;Me inclua FORA disso, TEMER.&#8221; O Papa Francisco enviou\u00a0uma carta de resposta ao presidente Michel Temer, ap\u00f3s ser convidado,\u00a0no fim de 2016, para as celebra\u00e7\u00f5es dos 300 anos da apari\u00e7\u00e3o de Nossa Senhora Aparecida, comemorados&hellip;<\/p>\n","protected":false},"author":1,"featured_media":203,"comment_status":"open","ping_status":"open","sticky":false,"template":"","format":"standard","meta":{"footnotes":""},"categories":[4],"tags":[14,13],"_links":{"self":[{"href":"https:\/\/pertinente.com.br\/site\/wp-json\/wp\/v2\/posts\/201"}],"collection":[{"href":"https:\/\/pertinente.com.br\/site\/wp-json\/wp\/v2\/posts"}],"about":[{"href":"https:\/\/pertinente.com.br\/site\/wp-json\/wp\/v2\/types\/post"}],"author":[{"embeddable":true,"href":"https:\/\/pertinente.com.br\/site\/wp-json\/wp\/v2\/users\/1"}],"replies":[{"embeddable":true,"href":"https:\/\/pertinente.com.br\/site\/wp-json\/wp\/v2\/comments?post=201"}],"version-history":[{"count":2,"href":"https:\/\/pertinente.com.br\/site\/wp-json\/wp\/v2\/posts\/201\/revisions"}],"predecessor-version":[{"id":204,"href":"https:\/\/pertinente.com.br\/site\/wp-json\/wp\/v2\/posts\/201\/revisions\/204"}],"wp:featuredmedia":[{"embeddable":true,"href":"https:\/\/pertinente.com.br\/site\/wp-json\/wp\/v2\/media\/203"}],"wp:attachment":[{"href":"https:\/\/pertinente.com.br\/site\/wp-json\/wp\/v2\/media?parent=201"}],"wp:term":[{"taxonomy":"category","embeddable":true,"href":"https:\/\/pertinente.com.br\/site\/wp-json\/wp\/v2\/categories?post=201"},{"taxonomy":"post_tag","embeddable":true,"href":"https:\/\/pertinente.com.br\/site\/wp-json\/wp\/v2\/tags?post=201"}],"curies":[{"name":"wp","href":"https:\/\/api.w.org\/{rel}","templated":true}]}}