{"id":205,"date":"2017-04-19T21:49:11","date_gmt":"2017-04-19T21:49:11","guid":{"rendered":"http:\/\/pertinente.com.br\/site\/?p=205"},"modified":"2017-04-20T01:35:01","modified_gmt":"2017-04-20T01:35:01","slug":"todo-dia-era-dia-de-indio","status":"publish","type":"post","link":"https:\/\/pertinente.com.br\/site\/2017\/04\/19\/todo-dia-era-dia-de-indio\/","title":{"rendered":"Todo dia era dia de \u00cdndio"},"content":{"rendered":"<p><a href=\"http:\/\/pertinente.com.br\/site\/wp-content\/uploads\/2017\/04\/indio-images.jpg\"><img loading=\"lazy\" decoding=\"async\" class=\" wp-image-212 aligncenter\" src=\"http:\/\/pertinente.com.br\/site\/wp-content\/uploads\/2017\/04\/indio-images.jpg\" alt=\"\" width=\"362\" height=\"289\" \/><\/a><\/p>\n<p>&#8220;Antes que o homem (branco) aqui chegasse, as terras brasileiras eram habitadas e amadas<br \/>\npor mais de 3 milh\u00f5es de \u00edndios, propriet\u00e1rios felizes da Terra Brasilis. Pois todo dia era dia de \u00edndio.<br \/>\nMas agora eles s\u00f3 tem o dia dezenove de abril&#8230;<\/p>\n<p>E no entanto, hoje o seu canto triste \u00e9 o lamento de uma ra\u00e7a que j\u00e1 foi muito feliz,<br \/>\npois antigamente todo dia era dia de \u00edndio.&#8221;.<\/p>\n<p><em>Todo Dia Era Dia de \u00cdndio<\/em>, Jorge Ben Jor.<\/p>\n<p>&nbsp;<\/p>\n<p><a href=\"http:\/\/pertinente.com.br\/site\/wp-content\/uploads\/2017\/04\/dia-do-indio.jpg\"><img loading=\"lazy\" decoding=\"async\" class=\" wp-image-214 aligncenter\" src=\"http:\/\/pertinente.com.br\/site\/wp-content\/uploads\/2017\/04\/dia-do-indio-300x188.jpg\" alt=\"\" width=\"403\" height=\"252\" srcset=\"https:\/\/pertinente.com.br\/site\/wp-content\/uploads\/2017\/04\/dia-do-indio-300x188.jpg 300w, https:\/\/pertinente.com.br\/site\/wp-content\/uploads\/2017\/04\/dia-do-indio-768x480.jpg 768w, https:\/\/pertinente.com.br\/site\/wp-content\/uploads\/2017\/04\/dia-do-indio.jpg 800w\" sizes=\"(max-width: 403px) 100vw, 403px\" \/><\/a><\/p>\n<p>Garantir a aprova\u00e7\u00e3o e implanta\u00e7\u00e3o do <a href=\"http:\/\/www12.senado.leg.br\/radio\/1\/noticia\/proposta-de-novo-estatuto-dos-povos-indigenas-e-apresentada-no-senado\"><strong>Estatuto dos Povos Ind\u00edgenas<\/strong><\/a> est\u00e1 entre os principais desafios\u00a0atuais dos \u00edndios brasileiros, pois trata de crit\u00e9rios para gerar melhores condi\u00e7\u00f5es de vida nas \u00e1reas demarcadas, com a gera\u00e7\u00e3o de renda de forma sustent\u00e1vel e sem agredir o meio ambiente.<\/p>\n<p>Al\u00e9m disso, tamb\u00e9m reconhecer\u00e1 par\u00e2metros que n\u00e3o deixar\u00e3o d\u00favidas sobre a destina\u00e7\u00e3o desses territ\u00f3rios, o que pode reduzir os conflitos com invasores.<\/p>\n<p><a href=\"http:\/\/pertinente.com.br\/site\/wp-content\/uploads\/2017\/04\/a7ec92e643a35b114706ca3f3c3570f4.jpg\"><img loading=\"lazy\" decoding=\"async\" class=\"wp-image-220 aligncenter\" src=\"http:\/\/pertinente.com.br\/site\/wp-content\/uploads\/2017\/04\/a7ec92e643a35b114706ca3f3c3570f4.jpg\" alt=\"\" width=\"524\" height=\"323\" srcset=\"https:\/\/pertinente.com.br\/site\/wp-content\/uploads\/2017\/04\/a7ec92e643a35b114706ca3f3c3570f4.jpg 600w, https:\/\/pertinente.com.br\/site\/wp-content\/uploads\/2017\/04\/a7ec92e643a35b114706ca3f3c3570f4-300x185.jpg 300w\" sizes=\"(max-width: 524px) 100vw, 524px\" \/><\/a><\/p>\n<p>&nbsp;<\/p>\n<p>E o dia 19 de abril? A ideia para esta data surgiu durante o Congresso Indigenista Interamericano, realizado no M\u00e9xico, em 1940, quando, dentre outros assuntos, foram tratadas reivindica\u00e7\u00f5es de diversos povos ind\u00edgenas.<\/p>\n<p>A princ\u00edpio, as lideran\u00e7as ind\u00edgenas questionaram a realiza\u00e7\u00e3o do evento. Elas temiam que as reivindica\u00e7\u00f5es n\u00e3o fossem atendidas pelos homens brancos. Ent\u00e3o, para instrumentalizar a luta por direitos foi criado o Instituto Indigenista Interamericano. Alguns pa\u00edses aderiram de imediato ao instituto, inclusive o Brasil.<\/p>\n<p>Tr\u00eas anos depois, o ent\u00e3o presidente Get\u00falio Vargas assinou o decreto lei que criava o Dia do \u00cdndio.<\/p>\n<p><a href=\"http:\/\/pertinente.com.br\/site\/wp-content\/uploads\/2017\/04\/227845_1.jpg\"><img loading=\"lazy\" decoding=\"async\" class=\"wp-image-211 aligncenter\" src=\"http:\/\/pertinente.com.br\/site\/wp-content\/uploads\/2017\/04\/227845_1.jpg\" alt=\"\" width=\"484\" height=\"310\" srcset=\"https:\/\/pertinente.com.br\/site\/wp-content\/uploads\/2017\/04\/227845_1.jpg 660w, https:\/\/pertinente.com.br\/site\/wp-content\/uploads\/2017\/04\/227845_1-300x192.jpg 300w\" sizes=\"(max-width: 484px) 100vw, 484px\" \/><\/a><\/p>\n<p>Para saber mais:<\/p>\n<p><a href=\"http:\/\/www12.senado.leg.br\/radio\/1\/noticia\/proposta-de-novo-estatuto-dos-povos-indigenas-e-apresentada-no-senado\">Proposta de novo Estatuto dos Povos Ind\u00edgenas \u00e9 apresentada no Senado<\/a><\/p>\n<p><a href=\"http:\/\/radioagencianacional.ebc.com.br\/cultura\/audio\/2017-04\/entenda-por-que-19-de-abril-foi-escolhido-dia-do-indio\">Entenda por que 19 de abril foi escolhido dia do \u00edndio<\/a><\/p>\n","protected":false},"excerpt":{"rendered":"<p>&#8220;Antes que o homem (branco) aqui chegasse, as terras brasileiras eram habitadas e amadas por mais de 3 milh\u00f5es de \u00edndios, propriet\u00e1rios felizes da Terra Brasilis. Pois todo dia era dia de \u00edndio. Mas agora eles s\u00f3 tem o dia dezenove de&hellip;<\/p>\n","protected":false},"author":1,"featured_media":212,"comment_status":"open","ping_status":"open","sticky":false,"template":"","format":"standard","meta":{"footnotes":""},"categories":[4],"tags":[18],"_links":{"self":[{"href":"https:\/\/pertinente.com.br\/site\/wp-json\/wp\/v2\/posts\/205"}],"collection":[{"href":"https:\/\/pertinente.com.br\/site\/wp-json\/wp\/v2\/posts"}],"about":[{"href":"https:\/\/pertinente.com.br\/site\/wp-json\/wp\/v2\/types\/post"}],"author":[{"embeddable":true,"href":"https:\/\/pertinente.com.br\/site\/wp-json\/wp\/v2\/users\/1"}],"replies":[{"embeddable":true,"href":"https:\/\/pertinente.com.br\/site\/wp-json\/wp\/v2\/comments?post=205"}],"version-history":[{"count":11,"href":"https:\/\/pertinente.com.br\/site\/wp-json\/wp\/v2\/posts\/205\/revisions"}],"predecessor-version":[{"id":222,"href":"https:\/\/pertinente.com.br\/site\/wp-json\/wp\/v2\/posts\/205\/revisions\/222"}],"wp:featuredmedia":[{"embeddable":true,"href":"https:\/\/pertinente.com.br\/site\/wp-json\/wp\/v2\/media\/212"}],"wp:attachment":[{"href":"https:\/\/pertinente.com.br\/site\/wp-json\/wp\/v2\/media?parent=205"}],"wp:term":[{"taxonomy":"category","embeddable":true,"href":"https:\/\/pertinente.com.br\/site\/wp-json\/wp\/v2\/categories?post=205"},{"taxonomy":"post_tag","embeddable":true,"href":"https:\/\/pertinente.com.br\/site\/wp-json\/wp\/v2\/tags?post=205"}],"curies":[{"name":"wp","href":"https:\/\/api.w.org\/{rel}","templated":true}]}}