{"id":286,"date":"2017-05-03T13:03:47","date_gmt":"2017-05-03T13:03:47","guid":{"rendered":"http:\/\/pertinente.com.br\/site\/?p=286"},"modified":"2017-05-04T15:17:27","modified_gmt":"2017-05-04T15:17:27","slug":"deputados-ruralistas-querem-pagar-trabalhador-com-comida-em-vez-de-salario","status":"publish","type":"post","link":"https:\/\/pertinente.com.br\/site\/2017\/05\/03\/deputados-ruralistas-querem-pagar-trabalhador-com-comida-em-vez-de-salario\/","title":{"rendered":"Deputados ruralistas querem &#8220;pagar&#8221; trabalhador com comida em vez de sal\u00e1rio"},"content":{"rendered":"<p>Caracter\u00edsticas de trabalho an\u00e1logo \u00e0 escravid\u00e3o podem vir a ser legalizadas. Al\u00e9m da exclus\u00e3o de pagamento em dinheiro, relativo ao trabalho realizado, \u00a0o projeto ainda define cargas de trabalho superiores a 12 horas di\u00e1rias.<\/p>\n<p>Descontar at\u00e9 45% do sal\u00e1rio com despesas de moradia e alimenta\u00e7\u00e3o &#8220;dadas&#8221; pelo empregador (pro empregado n\u00e3o se ausentar do trabalho), possibilidade de descansos semanais serem dados somente uma vez por m\u00eas, acumulados, redes em lugar de camas nos alojamentos (ou at\u00e9 outra forma de se alojar, conforme &#8220;costumes locais&#8221;), est\u00e3o entre as p\u00e9rolas do PL.<\/p>\n<p>E a\u00ed, \u00a0o que se vai ouvir na zona rural: &#8220;Vem c\u00e1, trabalhador: prepare esse ro\u00e7ado que eu te dou em troca um prato de feij\u00e3o com arroz e farinha, e te deixo dormir num quartinho compartilhado&#8221;.<\/p>\n<p><a href=\"http:\/\/m.congressoemfoco.uol.com.br\/noticias\/bancada-ruralista-quer-trocar-salario-de-trabalhador-rural-por-alimento-e-moradia\/\">http:\/\/m.congressoemfoco.uol.com.br\/noticias\/bancada-ruralista-quer-trocar-salario-de-trabalhador-rural-por-alimento-e-moradia\/<\/a><\/p>\n<p>&#8220;E a\u00ed, pra qu\u00ea dinheiro? Trabalhador n\u00e3o precisa de educa\u00e7\u00e3o, \u00a0lazer, e f* a sua sa\u00fade f\u00edsica, mental e espiritual!&#8221;, devem pensar os ruralistas e apoiadores.<\/p>\n<p>Aqui o texto do PL em quest\u00e3o: <a href=\"http:\/\/static.congressoemfoco.uol.com.br\/2017\/05\/pl-nilson-leitao.pdf\">http:\/\/static.congressoemfoco.uol.com.br\/2017\/05\/pl-nilson-leitao.pdf<\/a><\/p>\n<p>&nbsp;<\/p>\n<p><iframe loading=\"lazy\" width=\"640\" height=\"480\" src=\"https:\/\/www.youtube.com\/embed\/qG1gw7LmUys?feature=oembed\" frameborder=\"0\" allowfullscreen><\/iframe><\/p>\n<p>&nbsp;<\/p>\n","protected":false},"excerpt":{"rendered":"<p>Caracter\u00edsticas de trabalho an\u00e1logo \u00e0 escravid\u00e3o podem vir a ser legalizadas. Al\u00e9m da exclus\u00e3o de pagamento em dinheiro, relativo ao trabalho realizado, \u00a0o projeto ainda define cargas de trabalho superiores a 12 horas di\u00e1rias. Descontar at\u00e9 45% do sal\u00e1rio com despesas de&hellip;<\/p>\n","protected":false},"author":1,"featured_media":249,"comment_status":"open","ping_status":"open","sticky":false,"template":"","format":"standard","meta":{"footnotes":""},"categories":[4],"tags":[34,35,33],"_links":{"self":[{"href":"https:\/\/pertinente.com.br\/site\/wp-json\/wp\/v2\/posts\/286"}],"collection":[{"href":"https:\/\/pertinente.com.br\/site\/wp-json\/wp\/v2\/posts"}],"about":[{"href":"https:\/\/pertinente.com.br\/site\/wp-json\/wp\/v2\/types\/post"}],"author":[{"embeddable":true,"href":"https:\/\/pertinente.com.br\/site\/wp-json\/wp\/v2\/users\/1"}],"replies":[{"embeddable":true,"href":"https:\/\/pertinente.com.br\/site\/wp-json\/wp\/v2\/comments?post=286"}],"version-history":[{"count":6,"href":"https:\/\/pertinente.com.br\/site\/wp-json\/wp\/v2\/posts\/286\/revisions"}],"predecessor-version":[{"id":292,"href":"https:\/\/pertinente.com.br\/site\/wp-json\/wp\/v2\/posts\/286\/revisions\/292"}],"wp:featuredmedia":[{"embeddable":true,"href":"https:\/\/pertinente.com.br\/site\/wp-json\/wp\/v2\/media\/249"}],"wp:attachment":[{"href":"https:\/\/pertinente.com.br\/site\/wp-json\/wp\/v2\/media?parent=286"}],"wp:term":[{"taxonomy":"category","embeddable":true,"href":"https:\/\/pertinente.com.br\/site\/wp-json\/wp\/v2\/categories?post=286"},{"taxonomy":"post_tag","embeddable":true,"href":"https:\/\/pertinente.com.br\/site\/wp-json\/wp\/v2\/tags?post=286"}],"curies":[{"name":"wp","href":"https:\/\/api.w.org\/{rel}","templated":true}]}}