{"id":314,"date":"2017-05-11T00:03:51","date_gmt":"2017-05-11T00:03:51","guid":{"rendered":"http:\/\/pertinente.com.br\/site\/?p=314"},"modified":"2017-05-11T00:05:36","modified_gmt":"2017-05-11T00:05:36","slug":"motoristas-do-uber-em-fortaleza-conseguem-autorizacao-da-justica-para-trabalhar","status":"publish","type":"post","link":"https:\/\/pertinente.com.br\/site\/2017\/05\/11\/motoristas-do-uber-em-fortaleza-conseguem-autorizacao-da-justica-para-trabalhar\/","title":{"rendered":"Motoristas do Uber em Fortaleza conseguem autoriza\u00e7\u00e3o da Justi\u00e7a para trabalhar"},"content":{"rendered":"<p><a href=\"http:\/\/pertinente.com.br\/site\/wp-content\/uploads\/2017\/05\/uber.jpg\"><img loading=\"lazy\" decoding=\"async\" class=\"wp-image-316 aligncenter\" src=\"http:\/\/pertinente.com.br\/site\/wp-content\/uploads\/2017\/05\/uber.jpg\" alt=\"\" width=\"513\" height=\"342\" srcset=\"https:\/\/pertinente.com.br\/site\/wp-content\/uploads\/2017\/05\/uber.jpg 1000w, https:\/\/pertinente.com.br\/site\/wp-content\/uploads\/2017\/05\/uber-300x200.jpg 300w, https:\/\/pertinente.com.br\/site\/wp-content\/uploads\/2017\/05\/uber-768x512.jpg 768w\" sizes=\"(max-width: 513px) 100vw, 513px\" \/><\/a><\/p>\n<p>H\u00e1 sim, vida coerente na Justi\u00e7a: dez motoristas de Fortaleza conseguem na Justi\u00e7a o direito de utilizar a plataforma Uber para transportar passageiros. O juiz Carlos Augusto Gomes Correia, titular da 7\u00aa Vara da Fazenda P\u00fablica do F\u00f3rum Cl\u00f3vis Bevil\u00e1qua, determinou\u00a0nesta ter\u00e7a feira, 9 de maio, que a Prefeitura de Fortaleza, a Autarquia Municipal de Tr\u00e2nsito, Servi\u00e7os P\u00fablicos e Cidadania (AMC) e a Empresa de Transporte Urbano de Fortaleza (Etufor) n\u00e3o reprimam ou multem esses motoristas sob o argumento de transporte irregular ou clandestino de passageiros.<\/p>\n<p>Na a\u00e7\u00e3o, os motoristas alegaram que exercem atividade de transporte privado individual de passageiro, atividade econ\u00f4mica legal, e que, apesar disso v\u00eam sendo repreendidos pelas autoridades do munic\u00edpio de Fortaleza. Vejam s\u00f3, existe argumento mais legalmente certo e justo que este? Se n\u00e3o for por interesses daqueles grupos que querem garantir a reserva de mercado no transporte particular de passageiros, est\u00e1 claro que o que a Prefeitura de Fortaleza\u00a0vem fazendo \u00e9 defender interesses de um grupo em vez de pensar nos benef\u00edcios (legais) para a comunidade.<\/p>\n<p>Na an\u00e1lise do caso, o juiz citou decis\u00e3o do Tribunal de Justi\u00e7a de S\u00e3o Paulo, que j\u00e1 caracterizou Uber como servi\u00e7o de transporte individual privado, n\u00e3o sendo legal a a\u00e7\u00e3o da Administra\u00e7\u00e3o P\u00fablica Municipal apreender ve\u00edculos apenas porque o motorista n\u00e3o \u00e9 considerado oficialmente taxista.\u00a0O juiz tamb\u00e9m considerou que, \u201cao impedir os motoristas vinculados ao Uber de circularem livremente, e ao aplicar-lhes san\u00e7\u00f5es pelo simples fato de exercerem atividade remunerada de transporte individual de passageiros, o Poder P\u00fablico viola o princ\u00edpio da livre concorr\u00eancia, na medida em que cria verdadeira reserva de mercado monopol\u00edstica em favor dos permission\u00e1rios p\u00fablicos municipais\u201d.<\/p>\n<p>Fonte (para conhecer mais): <a href=\"http:\/\/g1.globo.com\/ceara\/noticia\/motoristas-de-fortaleza-conseguem-autorizacao-da-justica-para-utilizar-o-aplicativo-uber.ghtml\" target=\"_blank\">G1<\/a><\/p>\n<p>&nbsp;<\/p>\n","protected":false},"excerpt":{"rendered":"<p>H\u00e1 sim, vida coerente na Justi\u00e7a: dez motoristas de Fortaleza conseguem na Justi\u00e7a o direito de utilizar a plataforma Uber para transportar passageiros. O juiz Carlos Augusto Gomes Correia, titular da 7\u00aa Vara da Fazenda P\u00fablica do F\u00f3rum Cl\u00f3vis Bevil\u00e1qua, determinou\u00a0nesta ter\u00e7a&hellip;<\/p>\n","protected":false},"author":1,"featured_media":316,"comment_status":"open","ping_status":"open","sticky":false,"template":"","format":"standard","meta":{"footnotes":""},"categories":[4],"tags":[30,46,45],"_links":{"self":[{"href":"https:\/\/pertinente.com.br\/site\/wp-json\/wp\/v2\/posts\/314"}],"collection":[{"href":"https:\/\/pertinente.com.br\/site\/wp-json\/wp\/v2\/posts"}],"about":[{"href":"https:\/\/pertinente.com.br\/site\/wp-json\/wp\/v2\/types\/post"}],"author":[{"embeddable":true,"href":"https:\/\/pertinente.com.br\/site\/wp-json\/wp\/v2\/users\/1"}],"replies":[{"embeddable":true,"href":"https:\/\/pertinente.com.br\/site\/wp-json\/wp\/v2\/comments?post=314"}],"version-history":[{"count":4,"href":"https:\/\/pertinente.com.br\/site\/wp-json\/wp\/v2\/posts\/314\/revisions"}],"predecessor-version":[{"id":319,"href":"https:\/\/pertinente.com.br\/site\/wp-json\/wp\/v2\/posts\/314\/revisions\/319"}],"wp:featuredmedia":[{"embeddable":true,"href":"https:\/\/pertinente.com.br\/site\/wp-json\/wp\/v2\/media\/316"}],"wp:attachment":[{"href":"https:\/\/pertinente.com.br\/site\/wp-json\/wp\/v2\/media?parent=314"}],"wp:term":[{"taxonomy":"category","embeddable":true,"href":"https:\/\/pertinente.com.br\/site\/wp-json\/wp\/v2\/categories?post=314"},{"taxonomy":"post_tag","embeddable":true,"href":"https:\/\/pertinente.com.br\/site\/wp-json\/wp\/v2\/tags?post=314"}],"curies":[{"name":"wp","href":"https:\/\/api.w.org\/{rel}","templated":true}]}}