{"id":333,"date":"2017-05-17T02:03:12","date_gmt":"2017-05-17T02:03:12","guid":{"rendered":"http:\/\/pertinente.com.br\/site\/?p=333"},"modified":"2017-05-17T02:06:33","modified_gmt":"2017-05-17T02:06:33","slug":"tribunal-regional-federal-derruba-decisao-que-suspendeu-atividades-do-instituto-lula","status":"publish","type":"post","link":"https:\/\/pertinente.com.br\/site\/2017\/05\/17\/tribunal-regional-federal-derruba-decisao-que-suspendeu-atividades-do-instituto-lula\/","title":{"rendered":"Tribunal Regional Federal derruba decis\u00e3o que suspendeu atividades do Instituto Lula"},"content":{"rendered":"<p><a href=\"http:\/\/pertinente.com.br\/site\/wp-content\/uploads\/2017\/05\/63927215_PA-Sao-PauloSP17-02-2016Instituto-LulaDeputados-e-advogad.jpg\"><img decoding=\"async\" class=\"alignnone size-full wp-image-334\" src=\"http:\/\/pertinente.com.br\/site\/wp-content\/uploads\/2017\/05\/63927215_PA-Sao-PauloSP17-02-2016Instituto-LulaDeputados-e-advogad.jpg\" alt=\"\" width=\"600\" srcset=\"https:\/\/pertinente.com.br\/site\/wp-content\/uploads\/2017\/05\/63927215_PA-Sao-PauloSP17-02-2016Instituto-LulaDeputados-e-advogad.jpg 1086w, https:\/\/pertinente.com.br\/site\/wp-content\/uploads\/2017\/05\/63927215_PA-Sao-PauloSP17-02-2016Instituto-LulaDeputados-e-advogad-300x180.jpg 300w, https:\/\/pertinente.com.br\/site\/wp-content\/uploads\/2017\/05\/63927215_PA-Sao-PauloSP17-02-2016Instituto-LulaDeputados-e-advogad-768x461.jpg 768w, https:\/\/pertinente.com.br\/site\/wp-content\/uploads\/2017\/05\/63927215_PA-Sao-PauloSP17-02-2016Instituto-LulaDeputados-e-advogad-1024x615.jpg 1024w\" sizes=\"(max-width: 1086px) 100vw, 1086px\" \/><\/a><\/p>\n<div class=\"mc-column content-text active-extra-styles active-capital-letter\" data-block-type=\"unstyled\" data-block-weight=\"50\">\n<p class=\"content-text__container theme-color-primary-first-letter\" data-track-category=\"Link no Texto\" data-track-links=\"\">O desembargador N\u00e9viton Guedes, do Tribunal Regional Federal da Primeira Regi\u00e3o (TRF-1), com sede em Bras\u00edlia, derrubou a decis\u00e3o do juiz Ricardo Leite, da 10\u00aa Vara Federal do Distrito Federal, que havia <a href=\"http:\/\/g1.globo.com\/politica\/noticia\/justica-federal-determina-suspensao-das-atividades-do-instituto-lula.ghtml\">suspendido a permiss\u00e3o de funcionamento do Instituto Lula<\/a> (<em>leia mais abaixo o que disse o advogado do ex-presidente<\/em>).<\/p>\n<\/div>\n<div class=\"mc-column content-text active-extra-styles \" data-block-type=\"unstyled\" data-block-weight=\"38\">\n<p class=\"content-text__container \" data-track-category=\"Link no Texto\" data-track-links=\"\">No despacho, Ricardo Leite havia justificado que, mesmo que o instituto do ex-presidente desenvolva projetos de cunho social, h\u00e1 ind\u00edcios &#8220;veementes&#8221; de &#8220;delitos criminais&#8221; que podem ter sido iniciados ou instigados na sede da entidade, em S\u00e3o Paulo.<\/p>\n<\/div>\n<div class=\"mc-column content-text active-extra-styles \" data-block-type=\"unstyled\" data-block-weight=\"10\">\n<p class=\"content-text__container \" data-track-category=\"Link no Texto\" data-track-links=\"\"><strong>ENTENDA<\/strong>: <a href=\"http:\/\/g1.globo.com\/politica\/operacao-lava-jato\/noticia\/2017\/02\/lava-jato-entenda-denuncia-envolvendo-imovel-para-instituto-lula.html\">A den\u00fancia que envolve um im\u00f3vel para Instituto Lula<\/a><\/p>\n<\/div>\n<div class=\"mc-column content-text active-extra-styles \" data-block-type=\"unstyled\" data-block-weight=\"39\">\n<p class=\"content-text__container \" data-track-category=\"Link no Texto\" data-track-links=\"\">Na avalia\u00e7\u00e3o do desembargador N\u00e9viton Guedes, n\u00e3o ficou demonstrado como a suspens\u00e3o das atividades do instituto poderia impedir as supostas atividades il\u00edcitas apontadas pelo juiz. Al\u00e9m disso, para Guedes, a suspens\u00e3o seria &#8220;totalmente inadequada para atingir o fim pretendido&#8221;.<\/p>\n<\/div>\n<div class=\"mc-column content-text active-extra-styles \" data-block-type=\"unstyled\" data-block-weight=\"66\">\n<p class=\"content-text__container \" data-track-category=\"Link no Texto\" data-track-links=\"\">N\u00e9viton Guedes destacou, ainda, que a suspens\u00e3o ultrapassou a esfera de Lula e imp\u00f4s restri\u00e7\u00f5es a terceiros, uma vez que o instituto \u00e9 pessoa jur\u00eddica e est\u00e1 fora da a\u00e7\u00e3o penal. Para o desembargador, impedir as atividades da entidade &#8220;cerceia a liberdade de ir e vir&#8221; do ex-presidente, uma vez que &#8220;estaria impedido de comparecer ao estabelecimento em que trabalha, por meio do qual aufere renda&#8221;.<\/p>\n<\/div>\n<div class=\"mc-column content-text active-extra-styles \" data-block-type=\"unstyled\" data-block-weight=\"53\">\n<p class=\"content-text__container \" data-track-category=\"Link no Texto\" data-track-links=\"\">&#8220;Existe tamb\u00e9m aus\u00eancia de congru\u00eancia na fundamenta\u00e7\u00e3o, uma vez que n\u00e3o se descortina, com l\u00f3gica e clareza, em que a suspens\u00e3o das atividades do instituto poderiam impedi-lo [Lula] de ter contato com outras pessoas e, em qualquer outro local, desenvolver as atividades que o magistrado [Ricardo Leite] suspeita serem il\u00edcitas&#8221;, acrescentou o desembargador.<\/p>\n<p>Fontes:<\/p>\n<p><a href=\"http:\/\/g1.globo.com\/politica\/noticia\/tribunal-derruba-decisao-que-suspendeu-atividades-do-instituto-lula.ghtml\">G1<\/a><\/p>\n<p class=\"content-text__container \" data-track-category=\"Link no Texto\" data-track-links=\"\">Relembrando: UOL:\u00a0<a href=\"https:\/\/noticias.uol.com.br\/politica\/ultimas-noticias\/2017\/05\/10\/juiz-que-suspendeu-atividades-do-instituto-lula-citou-pedido-do-mpf-que-nao-existiu.htm\">o\u00a0Juiz que suspendeu Instituto Lula atribuiu decis\u00e3o a pedido do MPF que n\u00e3o existiu&#8230;<\/a><\/p>\n<\/div>\n<p>&nbsp;<\/p>\n<p>&nbsp;<\/p>\n","protected":false},"excerpt":{"rendered":"<p>O desembargador N\u00e9viton Guedes, do Tribunal Regional Federal da Primeira Regi\u00e3o (TRF-1), com sede em Bras\u00edlia, derrubou a decis\u00e3o do juiz Ricardo Leite, da 10\u00aa Vara Federal do Distrito Federal, que havia suspendido a permiss\u00e3o de funcionamento do Instituto Lula (leia mais&hellip;<\/p>\n","protected":false},"author":1,"featured_media":334,"comment_status":"open","ping_status":"open","sticky":false,"template":"","format":"standard","meta":{"footnotes":""},"categories":[4],"tags":[59],"_links":{"self":[{"href":"https:\/\/pertinente.com.br\/site\/wp-json\/wp\/v2\/posts\/333"}],"collection":[{"href":"https:\/\/pertinente.com.br\/site\/wp-json\/wp\/v2\/posts"}],"about":[{"href":"https:\/\/pertinente.com.br\/site\/wp-json\/wp\/v2\/types\/post"}],"author":[{"embeddable":true,"href":"https:\/\/pertinente.com.br\/site\/wp-json\/wp\/v2\/users\/1"}],"replies":[{"embeddable":true,"href":"https:\/\/pertinente.com.br\/site\/wp-json\/wp\/v2\/comments?post=333"}],"version-history":[{"count":3,"href":"https:\/\/pertinente.com.br\/site\/wp-json\/wp\/v2\/posts\/333\/revisions"}],"predecessor-version":[{"id":337,"href":"https:\/\/pertinente.com.br\/site\/wp-json\/wp\/v2\/posts\/333\/revisions\/337"}],"wp:featuredmedia":[{"embeddable":true,"href":"https:\/\/pertinente.com.br\/site\/wp-json\/wp\/v2\/media\/334"}],"wp:attachment":[{"href":"https:\/\/pertinente.com.br\/site\/wp-json\/wp\/v2\/media?parent=333"}],"wp:term":[{"taxonomy":"category","embeddable":true,"href":"https:\/\/pertinente.com.br\/site\/wp-json\/wp\/v2\/categories?post=333"},{"taxonomy":"post_tag","embeddable":true,"href":"https:\/\/pertinente.com.br\/site\/wp-json\/wp\/v2\/tags?post=333"}],"curies":[{"name":"wp","href":"https:\/\/api.w.org\/{rel}","templated":true}]}}