{"id":338,"date":"2017-05-18T01:00:55","date_gmt":"2017-05-18T01:00:55","guid":{"rendered":"http:\/\/pertinente.com.br\/site\/?p=338"},"modified":"2017-05-18T01:01:27","modified_gmt":"2017-05-18T01:01:27","slug":"gravacao-da-jpb-mostra-temer-dando-aval-para-comprar-silencio-de-cunha","status":"publish","type":"post","link":"https:\/\/pertinente.com.br\/site\/2017\/05\/18\/gravacao-da-jpb-mostra-temer-dando-aval-para-comprar-silencio-de-cunha\/","title":{"rendered":"Grava\u00e7\u00e3o da JBS mostra Temer dando aval para comprar sil\u00eancio de Cunha"},"content":{"rendered":"<div class=\"mc-column content-text active-extra-styles active-capital-letter\" data-block-type=\"unstyled\" data-block-weight=\"57\">\n<p class=\"content-text__container theme-color-primary-first-letter\" data-track-category=\"Link no Texto\" data-track-links=\"\">Conforme reportagem apresentada na data de hoje pelo portal Globo.com, os donos do frigor\u00edfico JBS disseram em dela\u00e7\u00e3o \u00e0 Procuradoria-Geral da Rep\u00fablica (PGR) que gravaram o presidente Michel Temer dando aval para comprar o sil\u00eancio do deputado cassado e ex-presidente da C\u00e2mara dos Deputados Eduardo Cunha (PMDB-RJ), depois que ele foi preso na opera\u00e7\u00e3o Lava Jato. A informa\u00e7\u00e3o \u00e9 do <a href=\"https:\/\/oglobo.globo.com\/brasil\/dono-da-jbs-grava-temer-dando-aval-para-compra-de-silencio-de-cunha-21353935\">colunista do jornal &#8220;O Globo&#8221; Lauro Jardim<\/a>.<\/p>\n<p class=\"content-text__container theme-color-primary-first-letter\" data-track-category=\"Link no Texto\" data-track-links=\"\"><a href=\"http:\/\/pertinente.com.br\/site\/wp-content\/uploads\/2017\/05\/temermemes.jpg\"><img loading=\"lazy\" decoding=\"async\" class=\"alignnone size-full wp-image-339\" src=\"http:\/\/pertinente.com.br\/site\/wp-content\/uploads\/2017\/05\/temermemes.jpg\" alt=\"\" width=\"699\" height=\"420\" srcset=\"https:\/\/pertinente.com.br\/site\/wp-content\/uploads\/2017\/05\/temermemes.jpg 699w, https:\/\/pertinente.com.br\/site\/wp-content\/uploads\/2017\/05\/temermemes-300x180.jpg 300w\" sizes=\"(max-width: 699px) 100vw, 699px\" \/><\/a><\/p>\n<\/div>\n<div class=\"mc-column content-text active-extra-styles \" data-block-type=\"unstyled\" data-block-weight=\"52\">\n<p class=\"content-text__container \" data-track-category=\"Link no Texto\" data-track-links=\"\">Segundo o jornal, o empres\u00e1rio Joesley Batista entregou uma grava\u00e7\u00e3o feita em mar\u00e7o deste ano em que Temer indica o deputado Rodrigo Rocha Lourdes (PMDB-PR) para resolver assuntos da J&amp;F, uma holding que controla o frigor\u00edfico JBS. Posteriormente, Rocha Lourdes foi filmado recebendo uma mala com R$ 500 mil, enviados por Joesley.<\/p>\n<\/div>\n<div class=\"mc-column content-text active-extra-styles \" data-block-type=\"unstyled\" data-block-weight=\"27\">\n<p class=\"content-text__container \" data-track-category=\"Link no Texto\" data-track-links=\"\">Ainda n\u00e3o h\u00e1 informa\u00e7\u00e3o sobre se a dela\u00e7\u00e3o foi homologada. O Supremo Tribunal Federal (STF) disse que n\u00e3o ir\u00e1 se pronunciar nesta quarta-feira (17) sobre a dela\u00e7\u00e3o.<\/p>\n<div class=\"mc-column content-text active-extra-styles \" data-block-type=\"unstyled\" data-block-weight=\"42\">\n<p class=\"content-text__container \" data-track-category=\"Link no Texto\" data-track-links=\"\">Em outra grava\u00e7\u00e3o, tamb\u00e9m de mar\u00e7o, o empres\u00e1rio diz a Temer que estava dando a Eduardo Cunha e ao operador L\u00facio Funaro uma mesada para que permanecessem calados na pris\u00e3o. Diante dessa informa\u00e7\u00e3o, Temer diz, na grava\u00e7\u00e3o: &#8220;tem que manter isso, viu?&#8221;<\/p>\n<\/div>\n<div class=\"mc-column content-text active-extra-styles \" data-block-type=\"unstyled\" data-block-weight=\"59\">\n<p class=\"content-text__container \" data-track-category=\"Link no Texto\" data-track-links=\"\">Na dela\u00e7\u00e3o de Joesley, o senador A\u00e9cio Neves (MG), presidente do PSDB, \u00e9 gravado pedindo ao empres\u00e1rio R$ 2 milh\u00f5es. A entrega do dinheiro foi feita a Frederico Pacheco de Medeiros, primo de A\u00e9cio, e filmada pela Pol\u00edcia Federal (PF). A PF rastreou o caminho do dinheiro e descobriu que foi depositado numa empresa do senador Zeze Perrella (PSDB-MG).<\/p>\n<\/div>\n<div class=\"content-ads content-ads--reveal\"><\/div>\n<div class=\"mc-column content-text active-extra-styles \" data-block-type=\"unstyled\" data-block-weight=\"55\">\n<p class=\"content-text__container \" data-track-category=\"Link no Texto\" data-track-links=\"\">Em nota, a Secretaria Especial de Comunica\u00e7\u00e3o Social da Presid\u00eancia disse que o presidente Michel Temer &#8220;jamais solicitou pagamentos para obter o sil\u00eancio do ex-deputado Eduardo Cunha. N\u00e3o participou nem autorizou qualquer movimento com o objetivo de evitar dela\u00e7\u00e3o ou colabora\u00e7\u00e3o com a Justi\u00e7a pelo ex-parlamentar&#8221;. <em>(Veja no final do texto a \u00edntegra da nota).<\/em><\/p>\n<\/div>\n<div class=\"mc-column content-text active-extra-styles \" data-block-type=\"unstyled\" data-block-weight=\"17\">\n<p class=\"content-text__container \" data-track-category=\"Link no Texto\" data-track-links=\"\">A\u00e9cio n\u00e3o se manifestou. A JBS e a defesa de Eduardo Cunha informaram que n\u00e3o se pronunciar\u00e3o.<\/p>\n<\/div>\n<div class=\"mc-column content-text active-extra-styles \" data-block-type=\"unstyled\" data-block-weight=\"21\">\n<p class=\"content-text__container \" data-track-category=\"Link no Texto\" data-track-links=\"\">Segundo o jornal, em duas ocasi\u00f5es em mar\u00e7o deste ano Joesley conversou com Temer e com A\u00e9cio levando um gravador escondido.<\/p>\n<\/div>\n<div class=\"mc-column content-text active-extra-styles \" data-block-type=\"unstyled\" data-block-weight=\"58\">\n<p class=\"content-text__container \" data-track-category=\"Link no Texto\" data-track-links=\"\">O colunista conta que os irm\u00e3os Joesley e Wesley Batista estiveram na quarta-feira passada no Supremo Tribunal Federal (STF) no gabinete do ministro relator da Lava Jato, Edson Fachin \u2013 respons\u00e1vel por homologar a dela\u00e7\u00e3o dos empres\u00e1rios. Diante dele, os empres\u00e1rios teriam confirmado que tudo o que contaram \u00e0 PGR em abril foi de livre e espont\u00e2nea vontade.<\/p>\n<\/div>\n<div class=\"mc-column content-text active-extra-styles \" data-block-type=\"unstyled\" data-block-weight=\"56\">\n<p class=\"content-text__container \" data-track-category=\"Link no Texto\" data-track-links=\"\">Joesley contou ainda que seu contato no PT era Guido Mantega, ex-ministro da Fazenda de Lula e Dilma Rousseff. Segundo &#8220;O Globo&#8221;, o empres\u00e1rio contou que era com Mantega que o dinheiro da propina era negociado para ser distribu\u00eddo aos petistas e aliados, e tamb\u00e9m era o ex-ministro que operava os interesses da JBS no BNDES.<\/p>\n<div class=\"mc-column content-text active-extra-styles\" data-block-type=\"raw\" data-block-weight=\"1\">\n<div class=\"content-intertitle\">\n<h5>Cunha<\/h5>\n<\/div>\n<\/div>\n<div class=\"mc-column content-text active-extra-styles \" data-block-type=\"unstyled\" data-block-weight=\"37\">\n<p class=\"content-text__container \" data-track-category=\"Link no Texto\" data-track-links=\"\">Joesley disse na dela\u00e7\u00e3o que pagou R$ 5 milh\u00f5es para Eduardo Cunha ap\u00f3s sua pris\u00e3o na Lava Jato. O valor, segundo o jornal, seria referente a um saldo de propina que o deputado tinha com o empres\u00e1rio.<\/p>\n<\/div>\n<div class=\"mc-column content-text active-extra-styles \" data-block-type=\"unstyled\" data-block-weight=\"22\">\n<p class=\"content-text__container \" data-track-category=\"Link no Texto\" data-track-links=\"\">Joesley Batista disse ainda que devia R$ 20 milh\u00f5es por uma tramita\u00e7\u00e3o de lei sobre a desonera\u00e7\u00e3o tribut\u00e1ria do setor de frango.<\/p>\n<\/div>\n<div class=\"mc-column content-text active-extra-styles\" data-block-type=\"raw\" data-block-weight=\"1\">\n<div class=\"content-intertitle\">\n<h5>Investiga\u00e7\u00e3o<\/h5>\n<\/div>\n<\/div>\n<div class=\"mc-column content-text active-extra-styles \" data-block-type=\"unstyled\" data-block-weight=\"43\">\n<p class=\"content-text__container \" data-track-category=\"Link no Texto\" data-track-links=\"\">Segundo o jornal, pela primeira vez a PF fez &#8220;a\u00e7\u00f5es controladas&#8221; para obter provas. Os di\u00e1logos e as entregas de dinheiro foram filmadas e as c\u00e9dulas tinham os n\u00famjeros de s\u00e9rie controlados. As bolsas onde foram entregues as quantias tinham chips de rastreamento.<\/p>\n<\/div>\n<div class=\"mc-column content-text active-extra-styles \" data-block-type=\"unstyled\" data-block-weight=\"15\">\n<p class=\"content-text__container \" data-track-category=\"Link no Texto\" data-track-links=\"\">Durante todo o m\u00eas de abril, foram entregues quase R$ 3 milh\u00f5es em propina rastreada.<\/p>\n<\/div>\n<div class=\"mc-column content-text active-extra-styles \" data-block-type=\"unstyled\" data-block-weight=\"52\">\n<p class=\"content-text__container \" data-track-category=\"Link no Texto\" data-track-links=\"\">O jornal informou que as conversas para a dela\u00e7\u00e3o dos irm\u00e3os donos da JBS come\u00e7aram no final de mar\u00e7o. Os depoimentos foram coletados do in\u00edcio de abril at\u00e9 a primeira semana de maio. O negociador da dela\u00e7\u00e3o foi o diretor jur\u00eddico da JBS, Francisco Assis da Silva, que depois tamb\u00e9m virou delator.<\/p>\n<\/div>\n<div class=\"mc-column content-text active-extra-styles \" data-block-type=\"unstyled\" data-block-weight=\"9\">\n<h5 class=\"content-text__container \" data-track-category=\"Link no Texto\"><strong>Veja a \u00edntegra da nota do Pal\u00e1cio do Planato:<\/strong><\/h5>\n<\/div>\n<div class=\"mc-column content-text active-extra-styles \" data-block-type=\"unstyled\" data-block-weight=\"3\">\n<p class=\"content-text__container \" data-track-category=\"Link no Texto\" data-track-links=\"\"><em>NOTA \u00c0 IMPRENSA<\/em><\/p>\n<\/div>\n<div class=\"mc-column content-text active-extra-styles \" data-block-type=\"unstyled\" data-block-weight=\"35\">\n<p class=\"content-text__container \" data-track-category=\"Link no Texto\" data-track-links=\"\"><em>O presidente Michel Temer jamais solicitou pagamentos para obter o sil\u00eancio do ex-deputado Eduardo Cunha. N\u00e3o participou e nem autorizou qualquer movimento com o objetivo de evitar dela\u00e7\u00e3o ou colabora\u00e7\u00e3o com a Justi\u00e7a pelo ex-parlamentar.<\/em><\/p>\n<\/div>\n<div class=\"mc-column content-text active-extra-styles \" data-block-type=\"unstyled\" data-block-weight=\"30\">\n<p class=\"content-text__container \" data-track-category=\"Link no Texto\" data-track-links=\"\"><em>O encontro com o empres\u00e1rio Joesley Batista ocorreu no come\u00e7o de mar\u00e7o, no Pal\u00e1cio do Jaburu, mas n\u00e3o houve no di\u00e1logo nada que comprometesse a conduta do presidente da Rep\u00fablica.<\/em><\/p>\n<\/div>\n<div class=\"mc-column content-text active-extra-styles \" data-block-type=\"unstyled\" data-block-weight=\"29\">\n<p class=\"content-text__container \" data-track-category=\"Link no Texto\" data-track-links=\"\"><em>O presidente defende ampla e profunda investiga\u00e7\u00e3o para apurar todas as den\u00fancias veiculadas pela imprensa, com a responsabiliza\u00e7\u00e3o dos eventuais envolvidos em quaisquer il\u00edcitos que venham a ser comprovados.<\/em><\/p>\n<\/div>\n<div class=\"mc-column content-text active-extra-styles \" data-block-type=\"unstyled\" data-block-weight=\"7\">\n<p class=\"content-text__container \" data-track-category=\"Link no Texto\" data-track-links=\"\"><em>SECRETARIA ESPECIAL DE COMUNICA\u00c7\u00c3O SOCIAL DA PRESID\u00caNCIA<\/em><\/p>\n<p class=\"content-text__container \" data-track-category=\"Link no Texto\" data-track-links=\"\">Fonte:<\/p>\n<p class=\"content-text__container \" data-track-category=\"Link no Texto\" data-track-links=\"\"><a href=\"http:\/\/g1.globo.com\/politica\/noticia\/dono-da-jbs-gravou-temer-dando-autorizacao-para-comprar-silencio-de-cunha-diz-jornal.ghtml\">G1.globo.com<\/a><\/p>\n<\/div>\n<\/div>\n<\/div>\n","protected":false},"excerpt":{"rendered":"<p>Conforme reportagem apresentada na data de hoje pelo portal Globo.com, os donos do frigor\u00edfico JBS disseram em dela\u00e7\u00e3o \u00e0 Procuradoria-Geral da Rep\u00fablica (PGR) que gravaram o presidente Michel Temer dando aval para comprar o sil\u00eancio do deputado cassado e ex-presidente da C\u00e2mara&hellip;<\/p>\n","protected":false},"author":1,"featured_media":339,"comment_status":"open","ping_status":"open","sticky":false,"template":"","format":"standard","meta":{"footnotes":""},"categories":[4],"tags":[12,60,61,11],"_links":{"self":[{"href":"https:\/\/pertinente.com.br\/site\/wp-json\/wp\/v2\/posts\/338"}],"collection":[{"href":"https:\/\/pertinente.com.br\/site\/wp-json\/wp\/v2\/posts"}],"about":[{"href":"https:\/\/pertinente.com.br\/site\/wp-json\/wp\/v2\/types\/post"}],"author":[{"embeddable":true,"href":"https:\/\/pertinente.com.br\/site\/wp-json\/wp\/v2\/users\/1"}],"replies":[{"embeddable":true,"href":"https:\/\/pertinente.com.br\/site\/wp-json\/wp\/v2\/comments?post=338"}],"version-history":[{"count":2,"href":"https:\/\/pertinente.com.br\/site\/wp-json\/wp\/v2\/posts\/338\/revisions"}],"predecessor-version":[{"id":341,"href":"https:\/\/pertinente.com.br\/site\/wp-json\/wp\/v2\/posts\/338\/revisions\/341"}],"wp:featuredmedia":[{"embeddable":true,"href":"https:\/\/pertinente.com.br\/site\/wp-json\/wp\/v2\/media\/339"}],"wp:attachment":[{"href":"https:\/\/pertinente.com.br\/site\/wp-json\/wp\/v2\/media?parent=338"}],"wp:term":[{"taxonomy":"category","embeddable":true,"href":"https:\/\/pertinente.com.br\/site\/wp-json\/wp\/v2\/categories?post=338"},{"taxonomy":"post_tag","embeddable":true,"href":"https:\/\/pertinente.com.br\/site\/wp-json\/wp\/v2\/tags?post=338"}],"curies":[{"name":"wp","href":"https:\/\/api.w.org\/{rel}","templated":true}]}}