{"id":343,"date":"2017-05-18T14:38:54","date_gmt":"2017-05-18T14:38:54","guid":{"rendered":"http:\/\/pertinente.com.br\/site\/?p=343"},"modified":"2017-05-18T14:38:54","modified_gmt":"2017-05-18T14:38:54","slug":"tem-que-ser-um-que-a-gente-mata-afirmou-aecio-sobre-receptor-de-propina","status":"publish","type":"post","link":"https:\/\/pertinente.com.br\/site\/2017\/05\/18\/tem-que-ser-um-que-a-gente-mata-afirmou-aecio-sobre-receptor-de-propina\/","title":{"rendered":"&#8216;Tem que ser um que a gente mata&#8217;, afirmou A\u00e9cio sobre receptor de propina"},"content":{"rendered":"<p>&nbsp;<\/p>\n<p><a href=\"http:\/\/pertinente.com.br\/site\/wp-content\/uploads\/2017\/05\/a6e23e10226caa95b2ca2e15481a0c0c.jpg\"><img loading=\"lazy\" decoding=\"async\" class=\"wp-image-344 aligncenter\" src=\"http:\/\/pertinente.com.br\/site\/wp-content\/uploads\/2017\/05\/a6e23e10226caa95b2ca2e15481a0c0c.jpg\" alt=\"\" width=\"577\" height=\"311\" srcset=\"https:\/\/pertinente.com.br\/site\/wp-content\/uploads\/2017\/05\/a6e23e10226caa95b2ca2e15481a0c0c.jpg 744w, https:\/\/pertinente.com.br\/site\/wp-content\/uploads\/2017\/05\/a6e23e10226caa95b2ca2e15481a0c0c-300x162.jpg 300w\" sizes=\"(max-width: 577px) 100vw, 577px\" \/><\/a><\/p>\n<p class=\"canvas-atom canvas-text Mb(1.0em) Mb(0)--sm Mt(0.8em)--sm\" data-reactid=\"18\">Na conversa que teve com Joesley Batista, epicentro da crise pol\u00edtica que amea\u00e7a derrubar o governo Michel Temer, o senador afastado A\u00e9cio Neves (PSDB-MG) fala em tom de piada sobre matar seu primo, Frederico Medeiros, que receberia a propina em m\u00e3os. As informa\u00e7\u00f5es s\u00e3o de Lauro Jardim, d\u2019O Globo.<\/p>\n<p class=\"canvas-atom canvas-text Mb(1.0em) Mb(0)--sm Mt(0.8em)--sm\" data-reactid=\"19\">Fred, como \u00e9 conhecido, foi o carregador de mala destacado pelo senador afastado para receber a propina que ele pede ao dono da JBS na conversa gravada pelo pr\u00f3prio Batista.<\/p>\n<p class=\"canvas-atom canvas-text Mb(1.0em) Mb(0)--sm Mt(0.8em)--sm\" data-reactid=\"20\">\u201cSe for voc\u00ea [A\u00e9cio] a pegar em m\u00e3os, vou eu mesmo entregar. Mas, se voc\u00ea mandar algu\u00e9m de sua confian\u00e7a, mando algu\u00e9m da minha confian\u00e7a\u201d, prop\u00f4s Joesley no video em quest\u00e3o.<\/p>\n<p class=\"canvas-atom canvas-text Mb(1.0em) Mb(0)--sm Mt(0.8em)--sm\" data-reactid=\"21\">No que foi respondido por A\u00e9cio:<\/p>\n<p class=\"canvas-atom canvas-text Mb(1.0em) Mb(0)--sm Mt(0.8em)--sm\" data-reactid=\"22\">\u201cTem que ser um que a gente mata ele antes de fazer dela\u00e7\u00e3o. Vai ser o Fred com um cara seu. Vamos combinar o Fred com um cara seu porque sai de l\u00e1 e vai no cara. E voc\u00ea vai me dar uma ajuda do caralho\u201d, afirmou o senador afastado.<\/p>\n<p>Fonte: <a href=\"https:\/\/br.noticias.yahoo.com\/tem-que-ser-um-que-gente-mata-afirmou-aecio-sobre-receptor-de-propina-131606708.html\">Yahoo<\/a>.<\/p>\n<p>&nbsp;<\/p>\n","protected":false},"excerpt":{"rendered":"<p>&nbsp; Na conversa que teve com Joesley Batista, epicentro da crise pol\u00edtica que amea\u00e7a derrubar o governo Michel Temer, o senador afastado A\u00e9cio Neves (PSDB-MG) fala em tom de piada sobre matar seu primo, Frederico Medeiros, que receberia a propina em m\u00e3os.&hellip;<\/p>\n","protected":false},"author":1,"featured_media":344,"comment_status":"open","ping_status":"open","sticky":false,"template":"","format":"standard","meta":{"footnotes":""},"categories":[4],"tags":[62,64,63,11],"_links":{"self":[{"href":"https:\/\/pertinente.com.br\/site\/wp-json\/wp\/v2\/posts\/343"}],"collection":[{"href":"https:\/\/pertinente.com.br\/site\/wp-json\/wp\/v2\/posts"}],"about":[{"href":"https:\/\/pertinente.com.br\/site\/wp-json\/wp\/v2\/types\/post"}],"author":[{"embeddable":true,"href":"https:\/\/pertinente.com.br\/site\/wp-json\/wp\/v2\/users\/1"}],"replies":[{"embeddable":true,"href":"https:\/\/pertinente.com.br\/site\/wp-json\/wp\/v2\/comments?post=343"}],"version-history":[{"count":1,"href":"https:\/\/pertinente.com.br\/site\/wp-json\/wp\/v2\/posts\/343\/revisions"}],"predecessor-version":[{"id":345,"href":"https:\/\/pertinente.com.br\/site\/wp-json\/wp\/v2\/posts\/343\/revisions\/345"}],"wp:featuredmedia":[{"embeddable":true,"href":"https:\/\/pertinente.com.br\/site\/wp-json\/wp\/v2\/media\/344"}],"wp:attachment":[{"href":"https:\/\/pertinente.com.br\/site\/wp-json\/wp\/v2\/media?parent=343"}],"wp:term":[{"taxonomy":"category","embeddable":true,"href":"https:\/\/pertinente.com.br\/site\/wp-json\/wp\/v2\/categories?post=343"},{"taxonomy":"post_tag","embeddable":true,"href":"https:\/\/pertinente.com.br\/site\/wp-json\/wp\/v2\/tags?post=343"}],"curies":[{"name":"wp","href":"https:\/\/api.w.org\/{rel}","templated":true}]}}