{"id":363,"date":"2017-05-24T18:54:59","date_gmt":"2017-05-24T18:54:59","guid":{"rendered":"http:\/\/pertinente.com.br\/site\/?p=363"},"modified":"2017-05-24T18:59:27","modified_gmt":"2017-05-24T18:59:27","slug":"stf-manda-prender-deputado-celso-jacob-do-pmdb-por-fraude-e-dispensa-de-licitacao","status":"publish","type":"post","link":"https:\/\/pertinente.com.br\/site\/2017\/05\/24\/stf-manda-prender-deputado-celso-jacob-do-pmdb-por-fraude-e-dispensa-de-licitacao\/","title":{"rendered":"STF manda prender deputado Celso Jacob, do PMDB, por fraude e dispensa de licita\u00e7\u00e3o"},"content":{"rendered":"<p><a href=\"http:\/\/pertinente.com.br\/site\/wp-content\/uploads\/2017\/05\/images-6.jpg\"><img loading=\"lazy\" decoding=\"async\" class=\"wp-image-366 aligncenter\" src=\"http:\/\/pertinente.com.br\/site\/wp-content\/uploads\/2017\/05\/images-6.jpg\" alt=\"\" width=\"554\" height=\"296\" srcset=\"https:\/\/pertinente.com.br\/site\/wp-content\/uploads\/2017\/05\/images-6.jpg 307w, https:\/\/pertinente.com.br\/site\/wp-content\/uploads\/2017\/05\/images-6-300x160.jpg 300w\" sizes=\"(max-width: 554px) 100vw, 554px\" \/><\/a><\/p>\n<p>Em tempo: este deputado \u00e9\u00a0aquele que fez uma infeliz analogia, onde <a href=\"http:\/\/www.onatalense.com.br\/filha-da-empregada-pobre-so-serve-comer\/\">dizia <\/a>que &#8220;Filha da empregada pobre, mas gostosa. S\u00f3 para comer, e depois nem fala mais&#8221; (sic).<\/p>\n<p>A Primeira Turma do Supremo Tribunal Federal (STF) determinou nesta ter\u00e7a-feira a pris\u00e3o do deputado federal Celso Jacob (PMDB-RJ), condenado pela Corte a sete anos e dois meses de reclus\u00e3o pelos crimes de falsifica\u00e7\u00e3o de documento p\u00fablico e dispensa de licita\u00e7\u00e3o.<\/p>\n<p>Ainda n\u00e3o foram divulgadas informa\u00e7\u00f5es sobre como ficar\u00e1 a situa\u00e7\u00e3o do mandato do deputado na C\u00e2mara dos Deputados e quando o mandado de pris\u00e3o ser\u00e1 emitido.<\/p>\n<p>Por unanimidade, o colegiado negou o \u00faltimo recurso apresentado pela defesa do parlamentar, decretou o fim do processo e, consequentemente, a execu\u00e7\u00e3o da pena.<\/p>\n<p>Em junho do ano passado, Jacob foi condenado pelo Supremo por crimes cometidos em 2002, quando ele era prefeito de Tr\u00eas Rios (RJ). De acordo com a den\u00fancia, Jacob favoreceu uma construtora ao decretar estado de emerg\u00eancia no munic\u00edpio.<\/p>\n<p>Fonte: <a href=\"http:\/\/odia.ig.com.br\/brasil\/2017-05-23\/supremo-manda-prender-deputado-federal-celso-jacob.html\">O Dia<\/a>.<\/p>\n","protected":false},"excerpt":{"rendered":"<p>Em tempo: este deputado \u00e9\u00a0aquele que fez uma infeliz analogia, onde dizia que &#8220;Filha da empregada pobre, mas gostosa. S\u00f3 para comer, e depois nem fala mais&#8221; (sic). A Primeira Turma do Supremo Tribunal Federal (STF) determinou nesta ter\u00e7a-feira a pris\u00e3o do&hellip;<\/p>\n","protected":false},"author":1,"featured_media":366,"comment_status":"open","ping_status":"open","sticky":false,"template":"","format":"standard","meta":{"footnotes":""},"categories":[4],"tags":[70,49,71],"_links":{"self":[{"href":"https:\/\/pertinente.com.br\/site\/wp-json\/wp\/v2\/posts\/363"}],"collection":[{"href":"https:\/\/pertinente.com.br\/site\/wp-json\/wp\/v2\/posts"}],"about":[{"href":"https:\/\/pertinente.com.br\/site\/wp-json\/wp\/v2\/types\/post"}],"author":[{"embeddable":true,"href":"https:\/\/pertinente.com.br\/site\/wp-json\/wp\/v2\/users\/1"}],"replies":[{"embeddable":true,"href":"https:\/\/pertinente.com.br\/site\/wp-json\/wp\/v2\/comments?post=363"}],"version-history":[{"count":5,"href":"https:\/\/pertinente.com.br\/site\/wp-json\/wp\/v2\/posts\/363\/revisions"}],"predecessor-version":[{"id":369,"href":"https:\/\/pertinente.com.br\/site\/wp-json\/wp\/v2\/posts\/363\/revisions\/369"}],"wp:featuredmedia":[{"embeddable":true,"href":"https:\/\/pertinente.com.br\/site\/wp-json\/wp\/v2\/media\/366"}],"wp:attachment":[{"href":"https:\/\/pertinente.com.br\/site\/wp-json\/wp\/v2\/media?parent=363"}],"wp:term":[{"taxonomy":"category","embeddable":true,"href":"https:\/\/pertinente.com.br\/site\/wp-json\/wp\/v2\/categories?post=363"},{"taxonomy":"post_tag","embeddable":true,"href":"https:\/\/pertinente.com.br\/site\/wp-json\/wp\/v2\/tags?post=363"}],"curies":[{"name":"wp","href":"https:\/\/api.w.org\/{rel}","templated":true}]}}