{"id":372,"date":"2017-05-30T18:44:44","date_gmt":"2017-05-30T18:44:44","guid":{"rendered":"http:\/\/pertinente.com.br\/site\/?p=372"},"modified":"2017-05-30T18:45:24","modified_gmt":"2017-05-30T18:45:24","slug":"ministerio-publico-federal-pede-suspensao-de-fiscalizacao-por-videomonitoramento-em-fortaleza","status":"publish","type":"post","link":"https:\/\/pertinente.com.br\/site\/2017\/05\/30\/ministerio-publico-federal-pede-suspensao-de-fiscalizacao-por-videomonitoramento-em-fortaleza\/","title":{"rendered":"Minist\u00e9rio P\u00fablico Federal pede suspens\u00e3o de fiscaliza\u00e7\u00e3o por videomonitoramento em Fortaleza"},"content":{"rendered":"<p><a href=\"http:\/\/pertinente.com.br\/site\/wp-content\/uploads\/2017\/05\/images-9.jpg\"><img loading=\"lazy\" decoding=\"async\" class=\"wp-image-375 aligncenter\" src=\"http:\/\/pertinente.com.br\/site\/wp-content\/uploads\/2017\/05\/images-9.jpg\" alt=\"\" width=\"387\" height=\"290\" \/><\/a><\/p>\n<p>O Minist\u00e9rio P\u00fablico Federal (MPF-CE) ingressou com a\u00e7\u00e3o para suspender a fiscaliza\u00e7\u00e3o de tr\u00e2nsito e registro de autua\u00e7\u00f5es por videomonitoramento em Fortaleza. A a\u00e7\u00e3o ainda pede que Justi\u00e7a Federal anule todas as autua\u00e7\u00f5es registradas com base nas imagens realizadas pelas c\u00e2meras e a devolu\u00e7\u00e3o dos valores de multas j\u00e1 pagas.<\/p>\n<p><a href=\"http:\/\/pertinente.com.br\/site\/wp-content\/uploads\/2017\/05\/images-11.jpg\"><img loading=\"lazy\" decoding=\"async\" class=\" wp-image-377 aligncenter\" src=\"http:\/\/pertinente.com.br\/site\/wp-content\/uploads\/2017\/05\/images-11.jpg\" alt=\"\" width=\"355\" height=\"216\" \/><\/a><\/p>\n<p>Para o MPF, os equipamentos n\u00e3o s\u00e3o regulamentados pelo Conselho Nacional de Tr\u00e2nsito (Contran). Autor da a\u00e7\u00e3o ajuizada pelo MPF, o procurador da Rep\u00fablica Oscar Costa Filho defende que o videomonitoramento realizado pela AMC \u201cafronta os direitos fundamentais relativos \u00e0 intimidade e \u00e0 vida privada\u201d previsto na Constitui\u00e7\u00e3o.<br \/>\nAinda conforme a a\u00e7\u00e3o, diferente do que prev\u00ea o C\u00f3digo de Tr\u00e2nsito Brasileiro (CTB), n\u00e3o houve no pa\u00eds a regulamenta\u00e7\u00e3o dos tipos de equipamentos audiovisuais para comprovar infra\u00e7\u00f5es de tr\u00e2nsito dentro das cidades.<\/p>\n<h5>Resolu\u00e7\u00e3o CTB<\/h5>\n<p>Em junho de 2015, uma resolu\u00e7\u00e3o do Conselho Nacional de Tr\u00e2nsito (CTB) \u2013 Resolu\u00e7\u00e3o n\u00ba 532 &#8211; permitiu a fiscaliza\u00e7\u00e3o por c\u00e2meras de monitoramento em vias urbanas, sem que houvesse a devida regulamenta\u00e7\u00e3o dos equipamentos a serem utilizados.<\/p>\n<h5>Videomonitoramento<\/h5>\n<p>A fiscaliza\u00e7\u00e3o por videomonitoramento teve in\u00edcio no m\u00eas de mar\u00e7o, nos cruzamentos da Avenida 13 de Maio com Universidade, Avenida 13 de Maio com Senador Pompeu, Avenida Bezerra de Menezes com Olavo Bilac e Avenida Presidente Castelo Branco com Jacinto Matos. Segundo a AMC, 41 cruzamentos v\u00e3o ser fiscalizados \u00e0 medida que seja implantada a sinaliza\u00e7\u00e3o. Atualmente s\u00e3o 19 pontos com esse tipo de fiscaliza\u00e7\u00e3o na cidade.<\/p>\n<p><a href=\"http:\/\/pertinente.com.br\/site\/wp-content\/uploads\/2017\/05\/images-12.jpg\"><img loading=\"lazy\" decoding=\"async\" class=\"wp-image-373 aligncenter\" src=\"http:\/\/pertinente.com.br\/site\/wp-content\/uploads\/2017\/05\/images-12.jpg\" alt=\"\" width=\"444\" height=\"243\" srcset=\"https:\/\/pertinente.com.br\/site\/wp-content\/uploads\/2017\/05\/images-12.jpg 303w, https:\/\/pertinente.com.br\/site\/wp-content\/uploads\/2017\/05\/images-12-300x164.jpg 300w\" sizes=\"(max-width: 444px) 100vw, 444px\" \/><\/a><br \/>\nAs multas s\u00e3o geradas com base em infra\u00e7\u00f5es de tr\u00e2nsito flagradas nas imagens geradas pelo Controle de Tr\u00e1fego em \u00c1rea de Fortaleza (CTAFOR), localizado nas depend\u00eancias da AMC. Al\u00e9m das c\u00e2meras de monitoramento do \u00f3rg\u00e3o de tr\u00e2nsito, tamb\u00e9m ser\u00e3o fiscalizadas as imagens em tempo real obtidas no Centro de Monitoramento da Avenida Beira-Mar. A sinaliza\u00e7\u00e3o neste local foi instalada no fim do ano passado.<\/p>\n<p>Fonte: <a href=\"http:\/\/g1.globo.com\/ceara\/noticia\/mpf-solicita-suspensao-de-multas-por-videomonitoramento-e-devolucao-de-infracoes-pagas-em-fortaleza.ghtml\">G1<\/a><\/p>\n","protected":false},"excerpt":{"rendered":"<p>O Minist\u00e9rio P\u00fablico Federal (MPF-CE) ingressou com a\u00e7\u00e3o para suspender a fiscaliza\u00e7\u00e3o de tr\u00e2nsito e registro de autua\u00e7\u00f5es por videomonitoramento em Fortaleza. A a\u00e7\u00e3o ainda pede que Justi\u00e7a Federal anule todas as autua\u00e7\u00f5es registradas com base nas imagens realizadas pelas c\u00e2meras e&hellip;<\/p>\n","protected":false},"author":1,"featured_media":377,"comment_status":"open","ping_status":"open","sticky":false,"template":"","format":"standard","meta":{"footnotes":""},"categories":[4],"tags":[73,43,30,74,72,44],"_links":{"self":[{"href":"https:\/\/pertinente.com.br\/site\/wp-json\/wp\/v2\/posts\/372"}],"collection":[{"href":"https:\/\/pertinente.com.br\/site\/wp-json\/wp\/v2\/posts"}],"about":[{"href":"https:\/\/pertinente.com.br\/site\/wp-json\/wp\/v2\/types\/post"}],"author":[{"embeddable":true,"href":"https:\/\/pertinente.com.br\/site\/wp-json\/wp\/v2\/users\/1"}],"replies":[{"embeddable":true,"href":"https:\/\/pertinente.com.br\/site\/wp-json\/wp\/v2\/comments?post=372"}],"version-history":[{"count":2,"href":"https:\/\/pertinente.com.br\/site\/wp-json\/wp\/v2\/posts\/372\/revisions"}],"predecessor-version":[{"id":379,"href":"https:\/\/pertinente.com.br\/site\/wp-json\/wp\/v2\/posts\/372\/revisions\/379"}],"wp:featuredmedia":[{"embeddable":true,"href":"https:\/\/pertinente.com.br\/site\/wp-json\/wp\/v2\/media\/377"}],"wp:attachment":[{"href":"https:\/\/pertinente.com.br\/site\/wp-json\/wp\/v2\/media?parent=372"}],"wp:term":[{"taxonomy":"category","embeddable":true,"href":"https:\/\/pertinente.com.br\/site\/wp-json\/wp\/v2\/categories?post=372"},{"taxonomy":"post_tag","embeddable":true,"href":"https:\/\/pertinente.com.br\/site\/wp-json\/wp\/v2\/tags?post=372"}],"curies":[{"name":"wp","href":"https:\/\/api.w.org\/{rel}","templated":true}]}}