{"id":385,"date":"2017-06-03T10:55:27","date_gmt":"2017-06-03T10:55:27","guid":{"rendered":"http:\/\/pertinente.com.br\/site\/?p=385"},"modified":"2017-06-03T10:59:55","modified_gmt":"2017-06-03T10:59:55","slug":"motorista-do-uber-que-buscou-vinculo-empregaticio-e-condenado-por-ma-fe","status":"publish","type":"post","link":"https:\/\/pertinente.com.br\/site\/2017\/06\/03\/motorista-do-uber-que-buscou-vinculo-empregaticio-e-condenado-por-ma-fe\/","title":{"rendered":"Motorista do Uber que buscou v\u00ednculo empregat\u00edcio \u00e9 condenado por m\u00e1 f\u00e9"},"content":{"rendered":"<p>Conforme o site juridico <a href=\"http:\/\/www.migalhas.com.br\">Migalhas<\/a>, o JT-MG em sua decis\u00e3o da \u00faltima ter\u00e7a-feira, 30, o julgador \u00a0considerou a aus\u00eancia de pessoalidade, onerosidade, n\u00e3o eventualidade e subordina\u00e7\u00e3o jur\u00eddica.<\/p>\n<p><a href=\"http:\/\/pertinente.com.br\/site\/wp-content\/uploads\/2017\/06\/images-32.jpg\"><img loading=\"lazy\" decoding=\"async\" class=\"alignnone size-full wp-image-389\" src=\"http:\/\/pertinente.com.br\/site\/wp-content\/uploads\/2017\/06\/images-32.jpg\" alt=\"\" width=\"470\" height=\"313\" srcset=\"https:\/\/pertinente.com.br\/site\/wp-content\/uploads\/2017\/06\/images-32.jpg 470w, https:\/\/pertinente.com.br\/site\/wp-content\/uploads\/2017\/06\/images-32-300x200.jpg 300w\" sizes=\"(max-width: 470px) 100vw, 470px\" \/><\/a><\/p>\n<article>\n<div id=\"content\" class=\"content box\">\n<p align=\"justify\"><span style=\"font-family: Arial;\">Discorrendo acerca das solu\u00e7\u00f5es tecnol\u00f3gicas da informa\u00e7\u00e3o como realidades sociais, e citando v\u00e1rios outros aplicativos de servi\u00e7os, como o iFood e o T\u00e1xiGov, o magistrado asseverou: \u201c<em>N\u00e3o tenho d\u00favidas que o reclamado n\u00e3o \u00e9 empregador aos moldes da CLT, mas uma real solu\u00e7\u00e3o de tecnologia da informa\u00e7\u00e3o<\/em>.\u201d O juiz tamb\u00e9m fez refer\u00eancia a decis\u00f5es dos EUA.<\/span><\/p>\n<p align=\"justify\"><span style=\"font-family: Arial;\">Com rela\u00e7\u00e3o \u00e0 litig\u00e2ncia de m\u00e1-f\u00e9, o julgador ponderou: <\/span><span style=\"font-family: Arial;\">\u201c<em>O reclamante pede horas extras por longas jornadas, pede diversos adicionais, narrando trabalhos noturnos, intervalos sempre menores que 1 hora e, quando entre as jornadas, menores que 11 horas, mas, depondo, confessa que ele pr\u00f3prio escolhia a hora que iria trabalhar, quando logaria na plataforma, quando desligaria, quanto tempo de intervalo faria, podendo, inclusive, parar para lanchar e assistir filme \u00e0 tarde e encerrar o dia quando ele mesmo decidisse que j\u00e1 ganhou o bastante. Diz-se empregado do reclamado, mas confessa que nunca teve que prestar qualquer tipo de contas ao Uber<\/em>.\u201d<\/span><\/p>\n<p align=\"justify\"><span style=\"font-family: Arial;\">Assim, na conclus\u00e3o do magistrado, embora estivesse plena e preliminarmente ciente das regras de neg\u00f3cio do Uber, \u201cveio ao Judici\u00e1rio trabalhista tentar a altera\u00e7\u00e3o de um contrato anteriormente firmado, e do qual a outra parte sempre agiu e observou a boa-f\u00e9 contratual, denotando a lisura no seu trato com o reclamante, conforme ele mesmo confessou\u201d.<\/span><\/p>\n<p align=\"justify\"><span style=\"font-family: Arial;\">A decis\u00e3o se soma ao julgamento do TRT\/MG, que na semana passada decidiu que os motoristas parceiros do Uber s\u00e3o aut\u00f4nomos.<\/span><\/p>\n<p align=\"justify\">Fonte: <a href=\"http:\/\/m.migalhas.com.br\/quentes\/259798\/motorista-do-uber-que-buscou-vinculo-empregaticio-e-condenado-em-mafe\">Migalhas<\/a><\/p>\n<\/div>\n<\/article>\n","protected":false},"excerpt":{"rendered":"<p>Conforme o site juridico Migalhas, o JT-MG em sua decis\u00e3o da \u00faltima ter\u00e7a-feira, 30, o julgador \u00a0considerou a aus\u00eancia de pessoalidade, onerosidade, n\u00e3o eventualidade e subordina\u00e7\u00e3o jur\u00eddica. Discorrendo acerca das solu\u00e7\u00f5es tecnol\u00f3gicas da informa\u00e7\u00e3o como realidades sociais, e citando v\u00e1rios outros aplicativos&hellip;<\/p>\n","protected":false},"author":1,"featured_media":389,"comment_status":"open","ping_status":"open","sticky":false,"template":"","format":"standard","meta":{"footnotes":""},"categories":[4],"tags":[77,45,78],"_links":{"self":[{"href":"https:\/\/pertinente.com.br\/site\/wp-json\/wp\/v2\/posts\/385"}],"collection":[{"href":"https:\/\/pertinente.com.br\/site\/wp-json\/wp\/v2\/posts"}],"about":[{"href":"https:\/\/pertinente.com.br\/site\/wp-json\/wp\/v2\/types\/post"}],"author":[{"embeddable":true,"href":"https:\/\/pertinente.com.br\/site\/wp-json\/wp\/v2\/users\/1"}],"replies":[{"embeddable":true,"href":"https:\/\/pertinente.com.br\/site\/wp-json\/wp\/v2\/comments?post=385"}],"version-history":[{"count":4,"href":"https:\/\/pertinente.com.br\/site\/wp-json\/wp\/v2\/posts\/385\/revisions"}],"predecessor-version":[{"id":393,"href":"https:\/\/pertinente.com.br\/site\/wp-json\/wp\/v2\/posts\/385\/revisions\/393"}],"wp:featuredmedia":[{"embeddable":true,"href":"https:\/\/pertinente.com.br\/site\/wp-json\/wp\/v2\/media\/389"}],"wp:attachment":[{"href":"https:\/\/pertinente.com.br\/site\/wp-json\/wp\/v2\/media?parent=385"}],"wp:term":[{"taxonomy":"category","embeddable":true,"href":"https:\/\/pertinente.com.br\/site\/wp-json\/wp\/v2\/categories?post=385"},{"taxonomy":"post_tag","embeddable":true,"href":"https:\/\/pertinente.com.br\/site\/wp-json\/wp\/v2\/tags?post=385"}],"curies":[{"name":"wp","href":"https:\/\/api.w.org\/{rel}","templated":true}]}}