{"id":394,"date":"2017-06-06T17:52:46","date_gmt":"2017-06-06T17:52:46","guid":{"rendered":"http:\/\/pertinente.com.br\/site\/?p=394"},"modified":"2017-06-06T17:52:46","modified_gmt":"2017-06-06T17:52:46","slug":"deputado-federal-celso-jacob-do-pmdb-e-preso-em-brasilia","status":"publish","type":"post","link":"https:\/\/pertinente.com.br\/site\/2017\/06\/06\/deputado-federal-celso-jacob-do-pmdb-e-preso-em-brasilia\/","title":{"rendered":"Deputado Federal, Celso Jacob, do PMDB, \u00e9 preso em Bras\u00edlia"},"content":{"rendered":"<p><a href=\"http:\/\/pertinente.com.br\/site\/wp-content\/uploads\/2017\/06\/tre-diploma-celso-jacob-como-terceiro-suplente.jpg\"><img loading=\"lazy\" decoding=\"async\" class=\"wp-image-395 aligncenter\" src=\"http:\/\/pertinente.com.br\/site\/wp-content\/uploads\/2017\/06\/tre-diploma-celso-jacob-como-terceiro-suplente.jpg\" alt=\"\" width=\"485\" height=\"322\" srcset=\"https:\/\/pertinente.com.br\/site\/wp-content\/uploads\/2017\/06\/tre-diploma-celso-jacob-como-terceiro-suplente.jpg 960w, https:\/\/pertinente.com.br\/site\/wp-content\/uploads\/2017\/06\/tre-diploma-celso-jacob-como-terceiro-suplente-300x199.jpg 300w, https:\/\/pertinente.com.br\/site\/wp-content\/uploads\/2017\/06\/tre-diploma-celso-jacob-como-terceiro-suplente-768x510.jpg 768w\" sizes=\"(max-width: 485px) 100vw, 485px\" \/><\/a> A Pol\u00edcia Federal prendeu o deputado federal <strong>Celso Jacob<\/strong>, do PMDB do Rio de Janeiro, quando de seu desembarque hoje no Aeroporto de Bras\u00edlia. Ele havia sido condenado h\u00e1 tr\u00eas semanas pelo STF e teve sua ordem de pris\u00e3o decretada por Edson Fachin.<\/p>\n<p>Conforme o site <a href=\"http:\/\/blogs.oglobo.globo.com\/lauro-jardim\/post\/pf-prende-deputado-federal-do-pmdb-em-desembarque-em-brasilia.html\">O Globo<\/a>, o deputado foi condenado a sete anos e dois meses de reclus\u00e3o pelos crimes de falsifica\u00e7\u00e3o de documento p\u00fablico e dispensa de licita\u00e7\u00e3o, no per\u00edodo em que governou Tr\u00eas Rios, no interior fluminense.<\/p>\n<p>Jacob foi preso na frente de outros parlamentares que estavam no mesmo voo dele, que chegava a Bras\u00edlia do Rio de Janeiro.<\/p>\n<p>Uma comiss\u00e1ria de bordo perguntou no sistema de som do avi\u00e3o quem era Celso Jacob e pediu que ele se identificasse. Os agentes da PF estavam esperando o deputado do lado de fora do avi\u00e3o.<\/p>\n<p>Jacob se notabilizou no come\u00e7o do ano <a href=\"http:\/\/blogs.oglobo.globo.com\/lauro-jardim\/post\/deputado-diz-que-tratamento-do-planalto-o-faz-se-sentir-filha-da-empregada-pobre-que-so-serve-pra-comer.html\" target=\"_blank\">ao comparar<\/a>, num grupo de WhatsApp de deputados do PMDB,\u00a0o tratamento dispensado pelo Pal\u00e1cio do Planalto a eles com a &#8220;filha da empregada pobre mas gostosa&#8221;, que &#8220;s\u00f3 serve para comer e depois nem fala mais&#8221;.<\/p>\n","protected":false},"excerpt":{"rendered":"<p>A Pol\u00edcia Federal prendeu o deputado federal Celso Jacob, do PMDB do Rio de Janeiro, quando de seu desembarque hoje no Aeroporto de Bras\u00edlia. Ele havia sido condenado h\u00e1 tr\u00eas semanas pelo STF e teve sua ordem de pris\u00e3o decretada por Edson&hellip;<\/p>\n","protected":false},"author":1,"featured_media":396,"comment_status":"open","ping_status":"open","sticky":false,"template":"","format":"standard","meta":{"footnotes":""},"categories":[4],"tags":[79,70,80,71],"_links":{"self":[{"href":"https:\/\/pertinente.com.br\/site\/wp-json\/wp\/v2\/posts\/394"}],"collection":[{"href":"https:\/\/pertinente.com.br\/site\/wp-json\/wp\/v2\/posts"}],"about":[{"href":"https:\/\/pertinente.com.br\/site\/wp-json\/wp\/v2\/types\/post"}],"author":[{"embeddable":true,"href":"https:\/\/pertinente.com.br\/site\/wp-json\/wp\/v2\/users\/1"}],"replies":[{"embeddable":true,"href":"https:\/\/pertinente.com.br\/site\/wp-json\/wp\/v2\/comments?post=394"}],"version-history":[{"count":1,"href":"https:\/\/pertinente.com.br\/site\/wp-json\/wp\/v2\/posts\/394\/revisions"}],"predecessor-version":[{"id":397,"href":"https:\/\/pertinente.com.br\/site\/wp-json\/wp\/v2\/posts\/394\/revisions\/397"}],"wp:featuredmedia":[{"embeddable":true,"href":"https:\/\/pertinente.com.br\/site\/wp-json\/wp\/v2\/media\/396"}],"wp:attachment":[{"href":"https:\/\/pertinente.com.br\/site\/wp-json\/wp\/v2\/media?parent=394"}],"wp:term":[{"taxonomy":"category","embeddable":true,"href":"https:\/\/pertinente.com.br\/site\/wp-json\/wp\/v2\/categories?post=394"},{"taxonomy":"post_tag","embeddable":true,"href":"https:\/\/pertinente.com.br\/site\/wp-json\/wp\/v2\/tags?post=394"}],"curies":[{"name":"wp","href":"https:\/\/api.w.org\/{rel}","templated":true}]}}