{"id":416,"date":"2017-06-10T23:21:39","date_gmt":"2017-06-10T23:21:39","guid":{"rendered":"http:\/\/pertinente.com.br\/site\/?p=416"},"modified":"2017-06-10T23:21:39","modified_gmt":"2017-06-10T23:21:39","slug":"presidente-do-stf-diz-que-repudia-intencao-do-governo-de-monitorar-relator-da-lava-jato","status":"publish","type":"post","link":"https:\/\/pertinente.com.br\/site\/2017\/06\/10\/presidente-do-stf-diz-que-repudia-intencao-do-governo-de-monitorar-relator-da-lava-jato\/","title":{"rendered":"Presidente do STF diz que repudia inten\u00e7\u00e3o do governo de monitorar relator da Lava Jato"},"content":{"rendered":"<p class=\"canvas-atom canvas-text Mb(1.0em) Mb(0)--sm Mt(0.8em)--sm\" data-reactid=\"22\"><a href=\"http:\/\/pertinente.com.br\/site\/wp-content\/uploads\/2017\/06\/carmen_lucia.jpg\"><img loading=\"lazy\" decoding=\"async\" class=\"alignnone size-full wp-image-417\" src=\"http:\/\/pertinente.com.br\/site\/wp-content\/uploads\/2017\/06\/carmen_lucia.jpg\" alt=\"\" width=\"699\" height=\"420\" srcset=\"https:\/\/pertinente.com.br\/site\/wp-content\/uploads\/2017\/06\/carmen_lucia.jpg 699w, https:\/\/pertinente.com.br\/site\/wp-content\/uploads\/2017\/06\/carmen_lucia-300x180.jpg 300w\" sizes=\"(max-width: 699px) 100vw, 699px\" \/><\/a><\/p>\n<p class=\"canvas-atom canvas-text Mb(1.0em) Mb(0)--sm Mt(0.8em)--sm\" data-reactid=\"22\">A presidente do Supremo Tribunal Federal, Carmen L\u00facia, afirmou em nota divulgada neste s\u00e1bado, dia 10, que \u00e9 \u201cinadmiss\u00edvel a pr\u00e1tica de grav\u00edssimo crime contra o Supremo, contra a democracia e contra as liberdades, se confirmada informa\u00e7\u00e3o de devassa ilegal da vida de um de seus integrantes\u201d, em refer\u00eancia a uma reportagem publicada pela revista Veja, segundo a qual o presidente Michel Temer teria pedido para a Ag\u00eancia Brasileira de Intelig\u00eancia (ABIN) investigar o ministro Edson Fachin, relator da Opera\u00e7\u00e3o Lava Jato na Corte.<\/p>\n<p class=\"canvas-atom canvas-text Mb(1.0em) Mb(0)--sm Mt(0.8em)--sm\" data-reactid=\"23\">A ministra descreveu a press\u00e3o contra ju\u00edzes como \u201ct\u00edpico da ditadura\u201d e ainda acrescentou que o tribunal rejeita veementemente a persegui\u00e7\u00e3o ileg\u00edtima, inconstitucional e imoral de qualquer cidad\u00e3o e ainda mais contra um de seus membros, ainda mais se voc\u00ea quer limitar a a\u00e7\u00e3o da justi\u00e7a.<\/p>\n<p class=\"canvas-atom canvas-text Mb(1.0em) Mb(0)--sm Mt(0.8em)--sm\" data-reactid=\"24\">O presidente Temer negou ter dado a ordem. \u201cO governo n\u00e3o usa a m\u00e1quina p\u00fablica contra os cidad\u00e3os brasileiros, muito menos far\u00e1 qualquer tipo de a\u00e7\u00e3o que n\u00e3o respeite aos estritos ditames da lei\u201d, afirmou em nota.<\/p>\n<p class=\"canvas-atom canvas-text Mb(1.0em) Mb(0)--sm Mt(0.8em)--sm\" data-reactid=\"25\">O governo afirmou que n\u00e3o h\u00e1, nem houve, em momento algum a inten\u00e7\u00e3o do governo de combater a opera\u00e7\u00e3o Lava Jato.<\/p>\n<p class=\"canvas-atom canvas-text Mb(1.0em) Mb(0)--sm Mt(0.8em)--sm\" data-reactid=\"25\">Fonte: <a href=\"https:\/\/br.noticias.yahoo.com\/stf-critica-intencao-de-governo-de-desconstruir-relator-da-lava-jato-220245413.html\">Yahoo<\/a>.<\/p>\n","protected":false},"excerpt":{"rendered":"<p>A presidente do Supremo Tribunal Federal, Carmen L\u00facia, afirmou em nota divulgada neste s\u00e1bado, dia 10, que \u00e9 \u201cinadmiss\u00edvel a pr\u00e1tica de grav\u00edssimo crime contra o Supremo, contra a democracia e contra as liberdades, se confirmada informa\u00e7\u00e3o de devassa ilegal da vida&hellip;<\/p>\n","protected":false},"author":1,"featured_media":417,"comment_status":"open","ping_status":"open","sticky":false,"template":"","format":"standard","meta":{"footnotes":""},"categories":[4],"tags":[89,66],"_links":{"self":[{"href":"https:\/\/pertinente.com.br\/site\/wp-json\/wp\/v2\/posts\/416"}],"collection":[{"href":"https:\/\/pertinente.com.br\/site\/wp-json\/wp\/v2\/posts"}],"about":[{"href":"https:\/\/pertinente.com.br\/site\/wp-json\/wp\/v2\/types\/post"}],"author":[{"embeddable":true,"href":"https:\/\/pertinente.com.br\/site\/wp-json\/wp\/v2\/users\/1"}],"replies":[{"embeddable":true,"href":"https:\/\/pertinente.com.br\/site\/wp-json\/wp\/v2\/comments?post=416"}],"version-history":[{"count":1,"href":"https:\/\/pertinente.com.br\/site\/wp-json\/wp\/v2\/posts\/416\/revisions"}],"predecessor-version":[{"id":418,"href":"https:\/\/pertinente.com.br\/site\/wp-json\/wp\/v2\/posts\/416\/revisions\/418"}],"wp:featuredmedia":[{"embeddable":true,"href":"https:\/\/pertinente.com.br\/site\/wp-json\/wp\/v2\/media\/417"}],"wp:attachment":[{"href":"https:\/\/pertinente.com.br\/site\/wp-json\/wp\/v2\/media?parent=416"}],"wp:term":[{"taxonomy":"category","embeddable":true,"href":"https:\/\/pertinente.com.br\/site\/wp-json\/wp\/v2\/categories?post=416"},{"taxonomy":"post_tag","embeddable":true,"href":"https:\/\/pertinente.com.br\/site\/wp-json\/wp\/v2\/tags?post=416"}],"curies":[{"name":"wp","href":"https:\/\/api.w.org\/{rel}","templated":true}]}}