{"id":428,"date":"2017-06-15T15:41:34","date_gmt":"2017-06-15T15:41:34","guid":{"rendered":"http:\/\/pertinente.com.br\/site\/?p=428"},"modified":"2017-06-15T15:41:34","modified_gmt":"2017-06-15T15:41:34","slug":"alerta-de-peste-bubonica-no-ceara-e-falso-diz-governo","status":"publish","type":"post","link":"https:\/\/pertinente.com.br\/site\/2017\/06\/15\/alerta-de-peste-bubonica-no-ceara-e-falso-diz-governo\/","title":{"rendered":"Alerta de peste bub\u00f4nica no Cear\u00e1 \u00e9 falso, diz governo"},"content":{"rendered":"<p style=\"text-align: center;\"><a href=\"http:\/\/pertinente.com.br\/site\/wp-content\/uploads\/2017\/06\/rat-435950_960_720.jpg\"><img loading=\"lazy\" decoding=\"async\" class=\"alignnone size-full wp-image-429\" src=\"http:\/\/pertinente.com.br\/site\/wp-content\/uploads\/2017\/06\/rat-435950_960_720.jpg\" alt=\"\" width=\"960\" height=\"638\" srcset=\"https:\/\/pertinente.com.br\/site\/wp-content\/uploads\/2017\/06\/rat-435950_960_720.jpg 960w, https:\/\/pertinente.com.br\/site\/wp-content\/uploads\/2017\/06\/rat-435950_960_720-300x199.jpg 300w, https:\/\/pertinente.com.br\/site\/wp-content\/uploads\/2017\/06\/rat-435950_960_720-768x510.jpg 768w\" sizes=\"(max-width: 960px) 100vw, 960px\" \/><\/a><\/p>\n<h5>Uma nota t\u00e9cnica divulgada pela Secretaria de Sa\u00fade do Cear\u00e1 sobre a peste bub\u00f4nica no estado causou confus\u00e3o nas redes sociais nesta ter\u00e7a-feira (13).<\/h5>\n<p>Segundo a pasta, <a href=\"http:\/\/cidadeverde.com\/noticias\/249844\/peste-bubonica-deixa-ceara-em-estado-de-alerta\">ao contr\u00e1rio do que foi interpretado por alguns ve\u00edculos de imprensa<\/a>, o estado n\u00e3o tem focos da doen\u00e7a atualmente e o relat\u00f3rio tinha apenas o objetivo de esclarecer os governos municipais sobre o tema.<\/p>\n<p>A nota, publicada nesta segunda-feira (12), afirma que a vigil\u00e2ncia deve ser priorit\u00e1ria em 42 cidades do estado.<\/p>\n<p>Segundo Vivian Gomes, assessora t\u00e9cnica do N\u00facleo de Controle de Vetores da Secretaria de Sa\u00fade do Cear\u00e1, esses locais foram considerados como priorit\u00e1rios por que, em algum momento do passado, eles j\u00e1 abrigaram roedores que portavam pulgas infectadas pela doen\u00e7a.<\/p>\n<p>Por isso, de acordo com ela, a ideia da nota era detalhar aspectos de vigil\u00e2ncia nessas \u00e1reas para evitar o reaparecimento da doen\u00e7a em humanos.<\/p>\n<p>De acordo com a nota, a eventual \u201cpersist\u00eancia desses focos\u201d nessas cidades \u201cdeve ser considerada uma amea\u00e7a real e permanente de acometimento humano nessas regi\u00f5es, que pode estender-se para outros lugares, inclusive centros urbanos, tornando-se imperativo que os t\u00e9cnicos de sa\u00fade estejam preparados para lidar com o problema\u201d.<\/p>\n<p>A Secretaria da Sa\u00fade do Cear\u00e1 afirmou que o \u00faltimo caso de peste humana no estado foi confirmado em 2005 no munic\u00edpio de Pedra Branca. E, por ora, n\u00e3o h\u00e1 ind\u00edcios de um novo surto da doen\u00e7a na regi\u00e3o.<\/p>\n<p><strong>Peste negra<\/strong><\/p>\n<p>Tamb\u00e9m conhecida como peste humana, a peste bub\u00f4nica \u00e9 uma doen\u00e7a infecciosa \u00a0transmitida \u00a0por meio de uma bact\u00e9ria presente em pulgas alojadas em roedores, como ratos.<\/p>\n<p>Os sintomas da peste bub\u00f4nica em humanos s\u00e3o abatimento, dores de cabe\u00e7a e no corpo, v\u00f4mitos, pulso acelerado, arrepios de frio, febre alta e bub\u00f5es. No s\u00e9culo 14, a epidemia da peste negra, causada pela bact\u00e9ria, levou milhares de pessoas \u00e0 morte na Europa.<\/p>\n<p>Fonte: <a href=\"http:\/\/exame.abril.com.br\/brasil\/alerta-de-peste-bubonica-no-ceara-e-falso-diz-governo\/\">Exame<\/a>.<\/p>\n<p>&nbsp;<\/p>\n","protected":false},"excerpt":{"rendered":"<p>Uma nota t\u00e9cnica divulgada pela Secretaria de Sa\u00fade do Cear\u00e1 sobre a peste bub\u00f4nica no estado causou confus\u00e3o nas redes sociais nesta ter\u00e7a-feira (13). Segundo a pasta, ao contr\u00e1rio do que foi interpretado por alguns ve\u00edculos de imprensa, o estado n\u00e3o tem&hellip;<\/p>\n","protected":false},"author":1,"featured_media":429,"comment_status":"open","ping_status":"open","sticky":false,"template":"","format":"standard","meta":{"footnotes":""},"categories":[4],"tags":[94,93],"_links":{"self":[{"href":"https:\/\/pertinente.com.br\/site\/wp-json\/wp\/v2\/posts\/428"}],"collection":[{"href":"https:\/\/pertinente.com.br\/site\/wp-json\/wp\/v2\/posts"}],"about":[{"href":"https:\/\/pertinente.com.br\/site\/wp-json\/wp\/v2\/types\/post"}],"author":[{"embeddable":true,"href":"https:\/\/pertinente.com.br\/site\/wp-json\/wp\/v2\/users\/1"}],"replies":[{"embeddable":true,"href":"https:\/\/pertinente.com.br\/site\/wp-json\/wp\/v2\/comments?post=428"}],"version-history":[{"count":1,"href":"https:\/\/pertinente.com.br\/site\/wp-json\/wp\/v2\/posts\/428\/revisions"}],"predecessor-version":[{"id":430,"href":"https:\/\/pertinente.com.br\/site\/wp-json\/wp\/v2\/posts\/428\/revisions\/430"}],"wp:featuredmedia":[{"embeddable":true,"href":"https:\/\/pertinente.com.br\/site\/wp-json\/wp\/v2\/media\/429"}],"wp:attachment":[{"href":"https:\/\/pertinente.com.br\/site\/wp-json\/wp\/v2\/media?parent=428"}],"wp:term":[{"taxonomy":"category","embeddable":true,"href":"https:\/\/pertinente.com.br\/site\/wp-json\/wp\/v2\/categories?post=428"},{"taxonomy":"post_tag","embeddable":true,"href":"https:\/\/pertinente.com.br\/site\/wp-json\/wp\/v2\/tags?post=428"}],"curies":[{"name":"wp","href":"https:\/\/api.w.org\/{rel}","templated":true}]}}