{"id":432,"date":"2017-06-16T20:51:30","date_gmt":"2017-06-16T20:51:30","guid":{"rendered":"http:\/\/pertinente.com.br\/site\/?p=432"},"modified":"2017-06-16T20:51:30","modified_gmt":"2017-06-16T20:51:30","slug":"trump-anuncia-que-esta-cancelando-o-acordo-do-governo-obama-com-cuba","status":"publish","type":"post","link":"https:\/\/pertinente.com.br\/site\/2017\/06\/16\/trump-anuncia-que-esta-cancelando-o-acordo-do-governo-obama-com-cuba\/","title":{"rendered":"Trump anuncia que est\u00e1 cancelando o acordo do governo Obama com Cuba"},"content":{"rendered":"<p><a href=\"http:\/\/pertinente.com.br\/site\/wp-content\/uploads\/2017\/06\/tumblr_opsllf1q881u3lb1ko1_1280.jpg\"><img loading=\"lazy\" decoding=\"async\" class=\"size-full wp-image-433 aligncenter\" src=\"http:\/\/pertinente.com.br\/site\/wp-content\/uploads\/2017\/06\/tumblr_opsllf1q881u3lb1ko1_1280.jpg\" alt=\"\" width=\"615\" height=\"410\" srcset=\"https:\/\/pertinente.com.br\/site\/wp-content\/uploads\/2017\/06\/tumblr_opsllf1q881u3lb1ko1_1280.jpg 615w, https:\/\/pertinente.com.br\/site\/wp-content\/uploads\/2017\/06\/tumblr_opsllf1q881u3lb1ko1_1280-300x200.jpg 300w\" sizes=\"(max-width: 615px) 100vw, 615px\" \/><\/a><\/p>\n<p>O presidente dos EUA, Donald Trump, anunciou nesta sexta-feira, 16, em Miami-FL, um endurecimento nas restri\u00e7\u00f5es aos americanos que viajam a Cuba e apoio ao embargo comercial e financeiro americano \u00e0 ilha. &#8220;Estou cancelando o acordo do governo (do ex-presidente Barack) Obama com Cuba&#8221;, disse o republicano.<\/p>\n<p>O republicano anunciou o &#8220;cancelamento&#8221; da pol\u00edtica de Obama, mas se mostrou disposto a negociar um &#8220;acordo melhor&#8221; com a ilha. Contudo, o far\u00e1 somente se houver avan\u00e7os &#8220;concretos&#8221; com rela\u00e7\u00e3o \u00e0 realiza\u00e7\u00e3o de &#8220;elei\u00e7\u00f5es livres&#8221; e a liberta\u00e7\u00e3o de &#8220;pol\u00edticos presos&#8221;.\u00a0Trump explicou que qualquer mudan\u00e7a nas rela\u00e7\u00f5es entre EUA e Cuba ir\u00e1 depender do progresso real com rela\u00e7\u00e3o aos objetivos alcan\u00e7ados.<\/p>\n<p>&#8220;Quando os cubanos derem passos concretos, estaremos prontos, preparados e capazes de voltar \u00e0 mesa para negociar esse acordo, que ser\u00e1 muito melhor&#8221;, afirmou o l\u00edder em Miami, na Fl\u00f3rida.\u00a0&#8220;Com a ajuda de Deus, uma Cuba livre \u00e9 ao que vamos chegar em breve.&#8221;<\/p>\n<p>Fonte: <a href=\"http:\/\/internacional.estadao.com.br\/noticias\/geral,estou-cancelando-o-acordo-do-governo-obama-com-cuba-anuncia-trump,70001844558\">Estad\u00e3o<\/a><\/p>\n","protected":false},"excerpt":{"rendered":"<p>O presidente dos EUA, Donald Trump, anunciou nesta sexta-feira, 16, em Miami-FL, um endurecimento nas restri\u00e7\u00f5es aos americanos que viajam a Cuba e apoio ao embargo comercial e financeiro americano \u00e0 ilha. &#8220;Estou cancelando o acordo do governo (do ex-presidente Barack) Obama&hellip;<\/p>\n","protected":false},"author":1,"featured_media":433,"comment_status":"open","ping_status":"open","sticky":false,"template":"","format":"standard","meta":{"footnotes":""},"categories":[4],"tags":[96,95,97,56],"_links":{"self":[{"href":"https:\/\/pertinente.com.br\/site\/wp-json\/wp\/v2\/posts\/432"}],"collection":[{"href":"https:\/\/pertinente.com.br\/site\/wp-json\/wp\/v2\/posts"}],"about":[{"href":"https:\/\/pertinente.com.br\/site\/wp-json\/wp\/v2\/types\/post"}],"author":[{"embeddable":true,"href":"https:\/\/pertinente.com.br\/site\/wp-json\/wp\/v2\/users\/1"}],"replies":[{"embeddable":true,"href":"https:\/\/pertinente.com.br\/site\/wp-json\/wp\/v2\/comments?post=432"}],"version-history":[{"count":1,"href":"https:\/\/pertinente.com.br\/site\/wp-json\/wp\/v2\/posts\/432\/revisions"}],"predecessor-version":[{"id":434,"href":"https:\/\/pertinente.com.br\/site\/wp-json\/wp\/v2\/posts\/432\/revisions\/434"}],"wp:featuredmedia":[{"embeddable":true,"href":"https:\/\/pertinente.com.br\/site\/wp-json\/wp\/v2\/media\/433"}],"wp:attachment":[{"href":"https:\/\/pertinente.com.br\/site\/wp-json\/wp\/v2\/media?parent=432"}],"wp:term":[{"taxonomy":"category","embeddable":true,"href":"https:\/\/pertinente.com.br\/site\/wp-json\/wp\/v2\/categories?post=432"},{"taxonomy":"post_tag","embeddable":true,"href":"https:\/\/pertinente.com.br\/site\/wp-json\/wp\/v2\/tags?post=432"}],"curies":[{"name":"wp","href":"https:\/\/api.w.org\/{rel}","templated":true}]}}