{"id":436,"date":"2017-06-21T14:50:41","date_gmt":"2017-06-21T14:50:41","guid":{"rendered":"http:\/\/pertinente.com.br\/site\/?p=436"},"modified":"2017-06-21T14:51:09","modified_gmt":"2017-06-21T14:51:09","slug":"provas-mostram-com-vigor-que-temer-praticou-corrupcao-afirma-a-policia-federal","status":"publish","type":"post","link":"https:\/\/pertinente.com.br\/site\/2017\/06\/21\/provas-mostram-com-vigor-que-temer-praticou-corrupcao-afirma-a-policia-federal\/","title":{"rendered":"Provas mostram \u2018com vigor\u2019 que Temer praticou corrup\u00e7\u00e3o, afirma a Pol\u00edcia Federal"},"content":{"rendered":"<p><a href=\"http:\/\/pertinente.com.br\/site\/wp-content\/uploads\/2017\/06\/Temer_Preocupado.jpg\"><img loading=\"lazy\" decoding=\"async\" class=\"wp-image-437 aligncenter\" src=\"http:\/\/pertinente.com.br\/site\/wp-content\/uploads\/2017\/06\/Temer_Preocupado.jpg\" alt=\"\" width=\"663\" height=\"390\" srcset=\"https:\/\/pertinente.com.br\/site\/wp-content\/uploads\/2017\/06\/Temer_Preocupado.jpg 980w, https:\/\/pertinente.com.br\/site\/wp-content\/uploads\/2017\/06\/Temer_Preocupado-300x176.jpg 300w, https:\/\/pertinente.com.br\/site\/wp-content\/uploads\/2017\/06\/Temer_Preocupado-768x451.jpg 768w\" sizes=\"(max-width: 663px) 100vw, 663px\" \/><\/a><\/p>\n<p>Conforme o site G1, a Pol\u00edcia Federal afirmou ter encontrado evid\u00eancias que indicam com vigor a exist\u00eancia de corrup\u00e7\u00e3o praticada pelo presidente <a class=\"premium-tip\" href=\"http:\/\/g1.globo.com\/tudo-sobre\/michel-temer\/\">Michel Temer<\/a>. O relat\u00f3rio parcial do inqu\u00e9rito sobre as dela\u00e7\u00f5es da JBS afirma que Temer seria o destinat\u00e1rio de vantagens indevidas em fun\u00e7\u00e3o do cargo.<\/p>\n<p>A Pol\u00edcia Federal analisou o teor de conversas gravadas, interrogou suspeitos e citados no esquema e analisou o que disse o pr\u00f3prio presidente na conversa com <a class=\"premium-tip\" href=\"http:\/\/g1.globo.com\/tudo-sobre\/joesley-batista\/\">Joesley Batista<\/a> na noite de 7 de mar\u00e7o no Pal\u00e1cio do Jaburu, comparando com provas apresentadas pelos delatores.<\/p>\n<p>O relat\u00f3rio do inqu\u00e9rito destaca que Rodrigo Rocha Loures era o canal de comunica\u00e7\u00e3o no governo para atender interesses da J&amp;F. E como ex-assessor presidencial atuou pessoalmente para atender a um pedido de uma das empresas do grupo no Conselho Administrativo de Defesa Econ\u00f4mica: alguma solu\u00e7\u00e3o para que a empresa do grupo J&amp;F obtivesse g\u00e1s da Petrobras para poder vender.<\/p>\n<p>Segundo a Pol\u00edcia Federal, Loures tomou a iniciativa de conversar com Gilvandro de Ara\u00fajo, conselheiro e presidente interino do Cade, no modo viva-voz, na presen\u00e7a de Joesley Batista, para expressar o seu interesse pelo tema. E que Loures foi claro ao afirmar a Gilvandro que se tratava de \u201cpend\u00eancia afeta \u00e0 Presid\u00eancia da Rep\u00fablica e n\u00e3o \u00e0s fun\u00e7\u00f5es de parlamentar\u201d.<\/p>\n<p>Segundo os investigadores, Loures terminou a conversa e disse para Joesley que Gilvandro \u201centendeu o recado\u201d.<\/p>\n<p>Essa negocia\u00e7\u00e3o envolvendo o Cade, como j\u00e1 mostraram as investiga\u00e7\u00f5es, gerou pagamento de propina, flagrado numa a\u00e7\u00e3o controlada da Pol\u00edcia Federal, em que Loures recebe uma mala com R$ 500 mil no estacionamento de uma pizzaria em S\u00e3o Paulo.<\/p>\n<p>A pol\u00edcia diz que, ao menos de forma provis\u00f3ria, foi estabelecida a rela\u00e7\u00e3o credor-devedor entre Loures e Joesley e, a partir da\u00ed, relata como o ex-assessor de Temer discutia detalhes operacionais de pagamentos ilegais em conversas em que a palavra presidente foi citada v\u00e1rias vezes, sem que fosse refutada ou questionada por Loures.<\/p>\n<p>Num di\u00e1logo entre Loures e Saud, a PF destaca que, por sugest\u00e3o de Loures, surgiu uma nova alternativa para pagamentos: o nome de Ricardo Conrado Mesquita, vinculado \u00e0 empresa Rodrimar, pertencente a Antonio Celso Grecco.<\/p>\n<p>Saud: E o presidente confia nele a esse ponto? S\u00e9rio? Eu gosto daquele Celso, sabia?<br \/>\nRocha Loures: (Inaud\u00edvel).<br \/>\nSaud: Muito. E ele a vida inteira foi Michel, viu? Hora nenhuma ele bandeou pro lado da Dilma.<\/p>\n<p>Segundo os investigadores, esse di\u00e1logo \u201cd\u00e1 for\u00e7a \u00e0 hip\u00f3tese de que Michel Temer estivesse vinculado \u00e0quela opera\u00e7\u00e3o\u201d.<\/p>\n<p>A pol\u00edcia diz que a dela\u00e7\u00e3o de Ricardo Saud refor\u00e7a que o destino do dinheiro era Temer.<\/p>\n<p>Saud: Com as minhas palavras eu tenho certeza absoluta que n\u00f3s tratamos propina com o Temer, n\u00f3s nunca tratamos propina com o Rodrigo. O Rodrigo foi um mensageiro que Michel Temer mandou para conversar com a gente, para resolver os nossos problemas e para receber o dinheiro dele.<\/p>\n<p>A Pol\u00edcia Federal tamb\u00e9m descobriu quem \u00e9 Edgar, citado em conversas sobres pagamentos entre Loures e o diretor da J&amp;F Ricardo Saud. Em conversas monitoradas, Edgar era tratado por como algu\u00e9m que resolveria coisas em S\u00e3o Paulo, um poss\u00edvel novo operador de propinas.<\/p>\n<p>Trata-se de Edgar Rafael Safdie, empres\u00e1rio atuante no setor imobili\u00e1rio, financeiro e de participa\u00e7\u00f5es, o que se deu por for\u00e7a dos registros de liga\u00e7\u00f5es telef\u00f4nicas em aparelho apreendido com Rodrigo Rocha Loures.<\/p>\n<p>Ouvido a respeito, Edgar reconheceu a rela\u00e7\u00e3o de longa data que mant\u00e9m com Loures, recha\u00e7ando, no entanto, qualquer participa\u00e7\u00e3o ou conhecimento dos fatos que est\u00e3o sendo apurados.<\/p>\n<p>Mas a PF destacou \u201ca informa\u00e7\u00e3o de que esteve reunido com Rodrigo da Rocha Loures no dia 23\/04\/17, em S\u00e3o Paulo, v\u00e9spera do nome de Edgar ter sido ofertado para operar valores advindos da <a class=\"premium-tip\" href=\"http:\/\/g1.globo.com\/tudo-sobre\/jbs\/\">JBS<\/a>\u201d. Segundo a Pol\u00edcia Federal, \u201cn\u00e3o houve tempo h\u00e1bil para um maior aprofundamento dessa quest\u00e3o particular\u201d.<\/p>\n<p>A pol\u00edcia destaca que o presidente teve a chance de se defender mas optou pelo sil\u00eancio ao n\u00e3o responder \u00e0s 82 perguntas formuladas pelos delegados e enviadas \u00e0 Presid\u00eancia e conclui: \u201cDiante do sil\u00eancio do mandat\u00e1rio maior da na\u00e7\u00e3o e de seu ex-assessor especial, resultam inc\u00f3lumes as evid\u00eancias que emanam do conjunto informativo formado nestes autos, a indicar, com vigor, a pratica de corrup\u00e7\u00e3o passiva\u201d.<\/p>\n<p>A PF detalha as suspeitas e o grau de participa\u00e7\u00e3o de Temer e Loures: \u201cOs elementos reunidos no inqu\u00e9rito permitiram que fossem elaboradas conclus\u00f5es acerca do fato:\u00a0 pagamento de vantagem indevida pelo grupo J&amp;F a Rodrigo da Rocha Loures imediatamente. E a Michel Temer, presidente da Rep\u00fablica, remotamente, em raz\u00e3o da interfer\u00eancia ou de suposta interfer\u00eancia no andamento do processo administrativo em tr\u00e2mite na Conselho Administrativo de Defesa Econ\u00f4mica (Cade).<\/p>\n<p>A Pol\u00edcia Federal pediu mais prazo para outra parte da investiga\u00e7\u00e3o, sobre as suspeitas de que Temer concordou com a compra do sil\u00eancio do ex-deputado Eduardo Cunha e do doleiro L\u00facio Funaro; e que Joesley estava corrompendo ju\u00edzes e procuradores. Um segundo relat\u00f3rio policial sobre essas investiga\u00e7\u00f5es ainda ser\u00e1 apresentado e deve incluir a per\u00edcia nos \u00e1udios de conversas por Joesley Batista e nos gravadores usados pelo empres\u00e1rio.<\/p>\n<p>A defesa do presidente Michel Temer declarou que o relat\u00f3rio da Pol\u00edcia Federal n\u00e3o tem valor t\u00e9cnico nem jur\u00eddico como pe\u00e7a de acusa\u00e7\u00e3o e que precisa relatar investiga\u00e7\u00f5es e n\u00e3o fazer acusa\u00e7\u00f5es.<\/p>\n<p>O Cade declarou que todos os atos processuais do conselho foram conduzidos pela \u00e1rea t\u00e9cnica com bases legais, sem qualquer favorecimento, e que a aus\u00eancia de uma decis\u00e3o a favor da JBS deixa claro que eventuais planos de terceiros n\u00e3o tiveram resultado.<\/p>\n<p>Fonte: <a href=\"http:\/\/g1.globo.com\/jornal-nacional\/noticia\/2017\/06\/pf-afirma-que-provas-mostram-com-vigor-que-temer-praticou-corrupcao.html\">G1<\/a><\/p>\n","protected":false},"excerpt":{"rendered":"<p>Conforme o site G1, a Pol\u00edcia Federal afirmou ter encontrado evid\u00eancias que indicam com vigor a exist\u00eancia de corrup\u00e7\u00e3o praticada pelo presidente Michel Temer. O relat\u00f3rio parcial do inqu\u00e9rito sobre as dela\u00e7\u00f5es da JBS afirma que Temer seria o destinat\u00e1rio de vantagens&hellip;<\/p>\n","protected":false},"author":1,"featured_media":437,"comment_status":"open","ping_status":"open","sticky":false,"template":"","format":"standard","meta":{"footnotes":""},"categories":[4],"tags":[98,99,11],"_links":{"self":[{"href":"https:\/\/pertinente.com.br\/site\/wp-json\/wp\/v2\/posts\/436"}],"collection":[{"href":"https:\/\/pertinente.com.br\/site\/wp-json\/wp\/v2\/posts"}],"about":[{"href":"https:\/\/pertinente.com.br\/site\/wp-json\/wp\/v2\/types\/post"}],"author":[{"embeddable":true,"href":"https:\/\/pertinente.com.br\/site\/wp-json\/wp\/v2\/users\/1"}],"replies":[{"embeddable":true,"href":"https:\/\/pertinente.com.br\/site\/wp-json\/wp\/v2\/comments?post=436"}],"version-history":[{"count":2,"href":"https:\/\/pertinente.com.br\/site\/wp-json\/wp\/v2\/posts\/436\/revisions"}],"predecessor-version":[{"id":439,"href":"https:\/\/pertinente.com.br\/site\/wp-json\/wp\/v2\/posts\/436\/revisions\/439"}],"wp:featuredmedia":[{"embeddable":true,"href":"https:\/\/pertinente.com.br\/site\/wp-json\/wp\/v2\/media\/437"}],"wp:attachment":[{"href":"https:\/\/pertinente.com.br\/site\/wp-json\/wp\/v2\/media?parent=436"}],"wp:term":[{"taxonomy":"category","embeddable":true,"href":"https:\/\/pertinente.com.br\/site\/wp-json\/wp\/v2\/categories?post=436"},{"taxonomy":"post_tag","embeddable":true,"href":"https:\/\/pertinente.com.br\/site\/wp-json\/wp\/v2\/tags?post=436"}],"curies":[{"name":"wp","href":"https:\/\/api.w.org\/{rel}","templated":true}]}}