{"id":440,"date":"2017-06-21T15:19:13","date_gmt":"2017-06-21T15:19:13","guid":{"rendered":"http:\/\/pertinente.com.br\/site\/?p=440"},"modified":"2017-06-21T18:29:06","modified_gmt":"2017-06-21T18:29:06","slug":"porque-dezenas-de-pessoas-morreram-em-estrada-em-meio-ao-incendio-florestal-em-portugal","status":"publish","type":"post","link":"https:\/\/pertinente.com.br\/site\/2017\/06\/21\/porque-dezenas-de-pessoas-morreram-em-estrada-em-meio-ao-incendio-florestal-em-portugal\/","title":{"rendered":"Porque dezenas de pessoas morreram em uma estrada em meio ao inc\u00eandio florestal em Portugal"},"content":{"rendered":"<div class=\"mc-column content-text active-extra-styles active-capital-letter\" data-block-type=\"unstyled\" data-block-weight=\"79\">\n<p class=\"content-text__container theme-color-primary-first-letter\" data-track-category=\"Link no Texto\" data-track-links=\"\"><a href=\"http:\/\/pertinente.com.br\/site\/wp-content\/uploads\/2017\/06\/000-pn7ki.jpg\"><img loading=\"lazy\" decoding=\"async\" class=\"wp-image-443 aligncenter\" src=\"http:\/\/pertinente.com.br\/site\/wp-content\/uploads\/2017\/06\/000-pn7ki.jpg\" alt=\"\" width=\"786\" height=\"463\" srcset=\"https:\/\/pertinente.com.br\/site\/wp-content\/uploads\/2017\/06\/000-pn7ki.jpg 1344w, https:\/\/pertinente.com.br\/site\/wp-content\/uploads\/2017\/06\/000-pn7ki-300x177.jpg 300w, https:\/\/pertinente.com.br\/site\/wp-content\/uploads\/2017\/06\/000-pn7ki-768x452.jpg 768w, https:\/\/pertinente.com.br\/site\/wp-content\/uploads\/2017\/06\/000-pn7ki-1024x603.jpg 1024w\" sizes=\"(max-width: 786px) 100vw, 786px\" \/><\/a>O Inc\u00eandio que devasta a regi\u00e3o central de Portugal desde s\u00e1bado (17) provocou a morte de 64 pessoas. Delas, 47 morreram carbonizadas na Estrada Nacional 236 (EN 236-1), que liga Figueir\u00f3 a Castanheira de Pera. Uma estrada que a m\u00eddia portuguesa j\u00e1 apelidou de \u201cestrada da morte\u201d, pois os restos das v\u00edtimas foram encontrados num trecho de menos de 500 metros, em volta do cruzamento com outra estrada, a IC 8, que liga Pedr\u00f3g\u00e3o Grande com a EN 236-1.<\/p>\n<\/div>\n<div class=\"mc-column content-text active-extra-styles \" data-block-type=\"unstyled\" data-block-weight=\"53\">\n<p class=\"content-text__container \" data-track-category=\"Link no Texto\" data-track-links=\"\">Das 47 v\u00edtimas encontradas na EN 236-1, 30 estavam dentro dos seus carros e 17 fora deles ou \u00e0 beira da estrada, o que sugere que tentaram fugir das chamas. A maioria das v\u00edtimas foi surpreendida pelo fogo e encurralada pelo inc\u00eandio quando voltava da praia fluvial das Rocas, em Castanheira de Pera.<\/p>\n<\/div>\n<div class=\"mc-column content-text active-extra-styles \" data-block-type=\"unstyled\" data-block-weight=\"25\">\n<p class=\"content-text__container \" data-track-category=\"Link no Texto\" data-track-links=\"\">Segundo as autoridades portuguesas, muitos morreram por inala\u00e7\u00e3o de fuma\u00e7a. Em alguns casos, tratavam-se de fam\u00edlias inteiras. Dezenas de carros foram encontrados na estrada, carbonizados.<\/p>\n<div class=\"mc-column content-text active-extra-styles \" data-block-type=\"unstyled\" data-block-weight=\"41\">\n<p class=\"content-text__container \" data-track-category=\"Link no Texto\" data-track-links=\"\">\u201cQuando cheguei na estrada vi carros carbonizados, dei marcha \u00e0 r\u00e9, mas outros ve\u00edculos bateram no meu carro. Vi uma pessoa abandonar outro carro com os cabelos e as roupas ardendo\u201d, contou um dos sobreviventes, M\u00e1rio Pinhal, ao jornal portugu\u00eas \u201cP\u00fablico\u201d.<\/p>\n<p class=\"content-text__container \" data-track-category=\"Link no Texto\" data-track-links=\"\"><a href=\"http:\/\/pertinente.com.br\/site\/wp-content\/uploads\/2017\/06\/Carros.jpg\"><img loading=\"lazy\" decoding=\"async\" class=\"alignnone size-full wp-image-444\" src=\"http:\/\/pertinente.com.br\/site\/wp-content\/uploads\/2017\/06\/Carros.jpg\" alt=\"\" width=\"984\" height=\"457\" srcset=\"https:\/\/pertinente.com.br\/site\/wp-content\/uploads\/2017\/06\/Carros.jpg 984w, https:\/\/pertinente.com.br\/site\/wp-content\/uploads\/2017\/06\/Carros-300x139.jpg 300w, https:\/\/pertinente.com.br\/site\/wp-content\/uploads\/2017\/06\/Carros-768x357.jpg 768w\" sizes=\"(max-width: 984px) 100vw, 984px\" \/><\/a><\/p>\n<\/div>\n<div class=\"mc-column content-text active-extra-styles \" data-block-type=\"unstyled\" data-block-weight=\"73\">\n<p class=\"content-text__container \" data-track-category=\"Link no Texto\" data-track-links=\"\">A m\u00eddia portuguesa tem afirmado que a EN 236-1 tinha que ter sido fechada pelas autoridades j\u00e1 no come\u00e7o da tarde de s\u00e1bado, quando o inc\u00eandio come\u00e7ou (por volta das 14h locais, \u00e0s 10h no Brasil), mas isso n\u00e3o foi feito. Segundo o di\u00e1rio portugu\u00eas \u201cExpresso\u201d, a maioria das v\u00edtimas chegou a transitar na EN 236-1 no final da tarde, por volta das 19h, mais de 3 horas depois do come\u00e7o do fogo.<\/p>\n<\/div>\n<div class=\"content-ads content-ads--reveal\"><\/div>\n<div class=\"mc-column content-text active-extra-styles \" data-block-type=\"unstyled\" data-block-weight=\"24\">\n<p class=\"content-text__container \" data-track-category=\"Link no Texto\" data-track-links=\"\">A estrada era cercada de eucaliptos e pinheiros, e isso, junto com os fortes ventos, pode ter ajudado na propaga\u00e7\u00e3o t\u00e3o r\u00e1pida das chamas.<\/p>\n<\/div>\n<div class=\"mc-column content-text active-extra-styles \" data-block-type=\"unstyled\" data-block-weight=\"62\">\n<p class=\"content-text__container \" data-track-category=\"Link no Texto\" data-track-links=\"\">\u201cVim sempre prestando aten\u00e7\u00e3o para ver se tinha algum vest\u00edgio de fuma\u00e7a, chamas, etc&#8230; mas n\u00e3o havia rigorosamente nada. Isto foi uma coisa t\u00e3o instant\u00e2nea que apanhou todos de surpresa, e essa foi a raz\u00e3o pela qual as pessoas morreram dessa forma que foi\u201d, explicou para a RTP Adamastor Santos, um dos sobreviventes que estava pr\u00f3ximo do local no momento do inc\u00eandio.<\/p>\n<div class=\"mc-column content-text active-extra-styles \" data-block-type=\"unstyled\" data-block-weight=\"48\">\n<p class=\"content-text__container \" data-track-category=\"Link no Texto\" data-track-links=\"\">Segundo um relato publicado pelo \u201cP\u00fablico\u201d, uma m\u00e3e tentou fugir com os dois filhos, de 4 e 6 anos, da casa cercada pelas chamas, em Vila Facaia. O carro em que tentavam escapar acabou encurralado pelas chamas e morreram todos. O pai ficou perto de casa e sobreviveu.<\/p>\n<\/div>\n<div class=\"mc-column content-text active-extra-styles \" data-block-type=\"unstyled\" data-block-weight=\"32\">\n<p class=\"content-text__container \" data-track-category=\"Link no Texto\" data-track-links=\"\">Duas fam\u00edlias tentaram escapar das chamas que cercavam a sua aldeia, Pobrais. Oito pessoas dividiram-se em dois carros, mas acabaram sendo engolidas pelo inc\u00eandio apenas um quil\u00f4metro mais \u00e0 frente. Morreram todos.<\/p>\n<\/div>\n<div class=\"mc-column content-text active-extra-styles \" data-block-type=\"unstyled\" data-block-weight=\"52\">\n<p class=\"content-text__container \" data-track-category=\"Link no Texto\" data-track-links=\"\">Entrevistado pela TVI, um dos habitantes de Pobrais contou que as chamas \u201cavan\u00e7aram rapidamente\u201d e todos temeram pelo pior. Muitos s\u00f3 sobreviveram porque decidiram refugiar-se em uma \u00e1rea j\u00e1 queimada da floresta. \u201cH\u00e1 pessoas que chegaram dizendo que n\u00e3o queriam morrer em suas casas, cercadas pelas chamas\u201d, explicou o morador Ricardo Trist\u00e3o.<\/p>\n<\/div>\n<div class=\"content-ads content-ads--reveal\"><\/div>\n<div class=\"mc-column content-text active-extra-styles \" data-block-type=\"unstyled\" data-block-weight=\"25\">\n<p class=\"content-text__container \" data-track-category=\"Link no Texto\" data-track-links=\"\">Segundo o secret\u00e1rio de Estado Jorge Gomes, entrevistado pelo \u201cExpresso\u201d, o inc\u00eandio, ent\u00e3o com quatro frentes ativas, propagou-se \u201cde forma que n\u00e3o tem explica\u00e7\u00e3o nenhuma\u201d.<\/p>\n<\/div>\n<div class=\"mc-column content-media content-media--normal content-photo\" data-block-type=\"backstage-photo\">\n<div class=\"mc-column content-text active-extra-styles \" data-block-type=\"unstyled\" data-block-weight=\"48\">\n<p class=\"content-text__container \" data-track-category=\"Link no Texto\" data-track-links=\"\">Jaime Marta Soares, presidente da Liga dos Bombeiros, afirmou que \u201cquando as pessoas entram nessas estradas, o inc\u00eandio pode at\u00e9 estar a quil\u00f4metros de dist\u00e2ncia, mas pode acabar atingindo os carros. S\u00e3o coisas imprevis\u00edveis. [As pessoas] foram surpreendidas pela fuma\u00e7a e pelos ventos que sopravam a 120-125 km\/h\u201d.<\/p>\n<\/div>\n<div class=\"mc-column content-text active-extra-styles \" data-block-type=\"unstyled\" data-block-weight=\"18\">\n<p class=\"content-text__container \" data-track-category=\"Link no Texto\" data-track-links=\"\">Outra sobrevivente, Liliana Coelho, contou que \u201cpor volta das 19h30, ficou de noite&#8221; e come\u00e7ou uma forte ventania.<\/p>\n<\/div>\n<div class=\"mc-column content-text active-extra-styles\" data-block-type=\"raw\" data-block-weight=\"29\">\n<div class=\"mc-column content-text active-extra-styles \" data-block-type=\"unstyled\" data-block-weight=\"37\">\n<p class=\"content-text__container \" data-track-category=\"Link no Texto\" data-track-links=\"\">Ant\u00f3nio Rosa, de 77 anos, relatou que imediatamente apareceu \u201cuma fuma\u00e7a negra, negra, negra que a gente queria se mexer, mas n\u00e3o era capaz. Estou todo queimado, mas nem senti o fogo chegar em cima de mim\u201d.<\/p>\n<p class=\"content-text__container \" data-track-category=\"Link no Texto\" data-track-links=\"\">\u00a0<a href=\"http:\/\/pertinente.com.br\/site\/wp-content\/uploads\/2017\/06\/CarbonizadoCarro.jpg\"><img loading=\"lazy\" decoding=\"async\" class=\"alignnone size-full wp-image-446\" src=\"http:\/\/pertinente.com.br\/site\/wp-content\/uploads\/2017\/06\/CarbonizadoCarro.jpg\" alt=\"\" width=\"672\" height=\"448\" srcset=\"https:\/\/pertinente.com.br\/site\/wp-content\/uploads\/2017\/06\/CarbonizadoCarro.jpg 672w, https:\/\/pertinente.com.br\/site\/wp-content\/uploads\/2017\/06\/CarbonizadoCarro-300x200.jpg 300w\" sizes=\"(max-width: 672px) 100vw, 672px\" \/><\/a><\/p>\n<\/div>\n<div class=\"mc-column content-text active-extra-styles \" data-block-type=\"unstyled\" data-block-weight=\"60\">\n<p class=\"content-text__container \" data-track-category=\"Link no Texto\" data-track-links=\"\">Segundo o diretor da Pol\u00edcia Judiciaria, Almeida Rodrigues, n\u00e3o h\u00e1 ind\u00edcios de origem criminosa do inc\u00eandio. Ele disse que as chamas foram causadas por uma trovoada seca \u2013 quando h\u00e1 raios mesmo sem chuva caindo sobre o solo, devido ao clima seco. &#8220;Tudo aponta claramente para causas naturais, inclusive encontramos a \u00e1rvore que foi atingida por um raio&#8221;, afirmou Rodrigues.<\/p>\n<p class=\"content-text__container \" data-track-category=\"Link no Texto\" data-track-links=\"\">Fonte: <a href=\"http:\/\/g1.globo.com\/mundo\/noticia\/como-dezenas-de-pessoas-morreram-em-estrada-em-meio-a-incendio-florestal-em-portugal.ghtml\">Globo.com<\/a><\/p>\n<\/div>\n<\/div>\n<\/div>\n<\/div>\n<\/div>\n","protected":false},"excerpt":{"rendered":"<p>O Inc\u00eandio que devasta a regi\u00e3o central de Portugal desde s\u00e1bado (17) provocou a morte de 64 pessoas. Delas, 47 morreram carbonizadas na Estrada Nacional 236 (EN 236-1), que liga Figueir\u00f3 a Castanheira de Pera. Uma estrada que a m\u00eddia portuguesa j\u00e1&hellip;<\/p>\n","protected":false},"author":1,"featured_media":446,"comment_status":"open","ping_status":"open","sticky":false,"template":"","format":"standard","meta":{"footnotes":""},"categories":[4],"tags":[102,101,100],"_links":{"self":[{"href":"https:\/\/pertinente.com.br\/site\/wp-json\/wp\/v2\/posts\/440"}],"collection":[{"href":"https:\/\/pertinente.com.br\/site\/wp-json\/wp\/v2\/posts"}],"about":[{"href":"https:\/\/pertinente.com.br\/site\/wp-json\/wp\/v2\/types\/post"}],"author":[{"embeddable":true,"href":"https:\/\/pertinente.com.br\/site\/wp-json\/wp\/v2\/users\/1"}],"replies":[{"embeddable":true,"href":"https:\/\/pertinente.com.br\/site\/wp-json\/wp\/v2\/comments?post=440"}],"version-history":[{"count":6,"href":"https:\/\/pertinente.com.br\/site\/wp-json\/wp\/v2\/posts\/440\/revisions"}],"predecessor-version":[{"id":450,"href":"https:\/\/pertinente.com.br\/site\/wp-json\/wp\/v2\/posts\/440\/revisions\/450"}],"wp:featuredmedia":[{"embeddable":true,"href":"https:\/\/pertinente.com.br\/site\/wp-json\/wp\/v2\/media\/446"}],"wp:attachment":[{"href":"https:\/\/pertinente.com.br\/site\/wp-json\/wp\/v2\/media?parent=440"}],"wp:term":[{"taxonomy":"category","embeddable":true,"href":"https:\/\/pertinente.com.br\/site\/wp-json\/wp\/v2\/categories?post=440"},{"taxonomy":"post_tag","embeddable":true,"href":"https:\/\/pertinente.com.br\/site\/wp-json\/wp\/v2\/tags?post=440"}],"curies":[{"name":"wp","href":"https:\/\/api.w.org\/{rel}","templated":true}]}}