{"id":455,"date":"2017-06-24T14:21:58","date_gmt":"2017-06-24T14:21:58","guid":{"rendered":"http:\/\/pertinente.com.br\/site\/?p=455"},"modified":"2017-06-24T14:22:45","modified_gmt":"2017-06-24T14:22:45","slug":"devera-faltar-agua-em-muitas-cidades-cearenses-a-partir-de-agosto-deste-ano","status":"publish","type":"post","link":"https:\/\/pertinente.com.br\/site\/2017\/06\/24\/devera-faltar-agua-em-muitas-cidades-cearenses-a-partir-de-agosto-deste-ano\/","title":{"rendered":"Dever\u00e1 faltar \u00e1gua em muitas cidades cearenses a partir de agosto deste ano"},"content":{"rendered":"<p><a href=\"http:\/\/pertinente.com.br\/site\/wp-content\/uploads\/2017\/06\/a\u00e7ude-1024x677.jpg\"><img loading=\"lazy\" decoding=\"async\" class=\"alignnone size-full wp-image-456\" src=\"http:\/\/pertinente.com.br\/site\/wp-content\/uploads\/2017\/06\/a\u00e7ude-1024x677.jpg\" alt=\"\" width=\"1024\" height=\"677\" srcset=\"https:\/\/pertinente.com.br\/site\/wp-content\/uploads\/2017\/06\/a\u00e7ude-1024x677.jpg 1024w, https:\/\/pertinente.com.br\/site\/wp-content\/uploads\/2017\/06\/a\u00e7ude-1024x677-300x198.jpg 300w, https:\/\/pertinente.com.br\/site\/wp-content\/uploads\/2017\/06\/a\u00e7ude-1024x677-768x508.jpg 768w\" sizes=\"(max-width: 1024px) 100vw, 1024px\" \/><\/a><\/p>\n<p>Reservat\u00f3rios que servem a 36 munic\u00edpios do Cear\u00e1 devem atingir volume morto entre agosto e outubro. Doze dessas cidades, que j\u00e1 est\u00e3o em situa\u00e7\u00e3o cr\u00edtica, devem ter abastecimento s\u00f3 at\u00e9 o pr\u00f3ximo m\u00eas. Por isso, medidas emergenciais para a garantia de \u00e1gua nesses locais s\u00e3o estudadas pelo Governo do Estado.<\/p>\n<p>Segundo o secret\u00e1rio das Cidades, Jesualdo Farias, \u201ca perspectiva para 2018 tamb\u00e9m n\u00e3o \u00e9 das melhores\u201d. Jesualdo participou ontem da reuni\u00e3o do Conselho Estadual das Cidades (Concidades), que discutiu a situa\u00e7\u00e3o h\u00eddrica do Cear\u00e1.<\/p>\n<p>Para suportar um poss\u00edvel s\u00e9timo ano de seca, solu\u00e7\u00f5es foram debatidas no encontro, com conselheiros do Concidades e representantes da Funda\u00e7\u00e3o Cearense de Meteorologia e Recursos H\u00eddricos (Funceme), Companhia de Gest\u00e3o dos Recursos H\u00eddricos (Cogerh) e Companhia de \u00c1gua e Esgoto do Cear\u00e1 (Cagece).<\/p>\n<p>A\u00e7\u00f5es emergenciais contra a seca foram apresentadas, considerando ainda iniciativas de grande porte, como a transposi\u00e7\u00e3o do rio S\u00e3o Francisco \u2014 cujas \u00e1guas devem chegar ao Sul do Estado em fevereiro de 2018 \u2014 e projetos de dessaliniza\u00e7\u00e3o e re\u00faso de \u00e1gua.<\/p>\n<p>A\u00e7udes como Vieir\u00e3o (Boa Viagem), Serafim Dias (Momba\u00e7a) e Po\u00e7o da Pedra (Campos Sales) j\u00e1 s\u00e3o considerados totalmente secos pelo Estado. Por enquanto, segundo a Cogerh, os 12 munic\u00edpios com situa\u00e7\u00e3o mais cr\u00edtica s\u00e3o atendidos por carros-pipa. Para evitar o colapso, dezenas de po\u00e7os devem ser perfurados no pr\u00f3ximo m\u00eas.<\/p>\n<p>Conforme H\u00e9lder Cortez, diretor da Unidade de Neg\u00f3cios do Interior, da Cagece, o Estado \u201cdesenvolve uma solu\u00e7\u00e3o para cada cidade que tem problema de abastecimento\u201d. Dentre os 12 munic\u00edpios mais prejudicados com a falta de \u00e1gua, Catarina, Boa Viagem, Iracema, Pereiro, Potiretama e Granjeiro podem receber adutoras de montagem r\u00e1pida (AMRs). Os equipamentos ainda est\u00e3o em planejamento.<\/p>\n<p>\u201cO importante \u00e9 planejarmos \u00e1gua at\u00e9 a pr\u00f3xima quadra chuvosa e aguardar a previs\u00e3o para 2018\u201d, disse H\u00e9lder, ressaltando que o abastecimento da Regi\u00e3o Metropolitana de Fortaleza (RMF) est\u00e1 \u201cgarantido para este ano\u201d.<\/p>\n<p>Para contornar a baixa pereniza\u00e7\u00e3o dos rios e diminuir a vulnerabilidade dos cursos de \u00e1gua, Bruno Rebou\u00e7as, assistente da Diretoria de Opera\u00e7\u00f5es da Cogerh, apresentou, na reuni\u00e3o, o projeto Malha d\u2019\u00c1gua. A iniciativa deve ser lan\u00e7ada em breve pelo \u00f3rg\u00e3o. \u201cA gente n\u00e3o espera s\u00f3 pela \u00e1gua das chuvas. Estamos tomando medidas para aumentar nossa capacidade de resist\u00eancia. Em condi\u00e7\u00f5es normais, perenizamos 2,5 mil quil\u00f4metros de rio, hoje, menos de 600. Com adutoras, cidades poder\u00e3o ser ligadas a mananciais que tenham resili\u00eancia a longos per\u00edodos de estiagem, para diminuir essa perda\u201d, antecipou Bruno.<\/p>\n<p>Os 24 munic\u00edpios cujos mananciais devem secar entre agosto e outubro s\u00e3o: Alto Santo, Apuiar\u00e9s, Aratuba, Baixio, Cari\u00fas, Catunda, Ic\u00f3, Ibaretama, Ipaumirim, Itapi\u00fana, Jaguaruana, Juc\u00e1s, Limoeiro do Norte, Milh\u00e3, Monsenhor Tabosa, Mulungu, Pacoti, Palm\u00e1cia, Potengi, Salitre, S\u00e3o Lu\u00eds do Curu, Solon\u00f3pole, Tamboril e Umari.<\/p>\n<p>A usina de dessaliniza\u00e7\u00e3o cearense, a primeira do Brasil, deve ter capacidade de gerar, por segundo, 1m\u00b3 de \u00e1gua para a rede de abastecimento, o equivalente a 12% do consumo de Fortaleza. A expectativa \u00e9 de que a partir de 2020 o uso desta \u00e1gua seja poss\u00edvel, segundo Jesualdo Farias. O Governo aguarda retorno do Tribunal de Contas do Estado (TCE), at\u00e9 o pr\u00f3ximo dia 30, para dar prosseguimento ao edital de estudos de implanta\u00e7\u00e3o da usina, suspenso em maio.<\/p>\n<p>Fonte: <a href=\"http:\/\/www.opovo.com.br\/jornal\/cotidiano\/2017\/06\/doze-cidades-cearenses-so-tem-agua-garantida-ate-julho.html\">O Povo<\/a><\/p>\n","protected":false},"excerpt":{"rendered":"<p>Reservat\u00f3rios que servem a 36 munic\u00edpios do Cear\u00e1 devem atingir volume morto entre agosto e outubro. Doze dessas cidades, que j\u00e1 est\u00e3o em situa\u00e7\u00e3o cr\u00edtica, devem ter abastecimento s\u00f3 at\u00e9 o pr\u00f3ximo m\u00eas. Por isso, medidas emergenciais para a garantia de \u00e1gua&hellip;<\/p>\n","protected":false},"author":1,"featured_media":456,"comment_status":"open","ping_status":"open","sticky":false,"template":"","format":"standard","meta":{"footnotes":""},"categories":[4],"tags":[106,40,107],"_links":{"self":[{"href":"https:\/\/pertinente.com.br\/site\/wp-json\/wp\/v2\/posts\/455"}],"collection":[{"href":"https:\/\/pertinente.com.br\/site\/wp-json\/wp\/v2\/posts"}],"about":[{"href":"https:\/\/pertinente.com.br\/site\/wp-json\/wp\/v2\/types\/post"}],"author":[{"embeddable":true,"href":"https:\/\/pertinente.com.br\/site\/wp-json\/wp\/v2\/users\/1"}],"replies":[{"embeddable":true,"href":"https:\/\/pertinente.com.br\/site\/wp-json\/wp\/v2\/comments?post=455"}],"version-history":[{"count":2,"href":"https:\/\/pertinente.com.br\/site\/wp-json\/wp\/v2\/posts\/455\/revisions"}],"predecessor-version":[{"id":458,"href":"https:\/\/pertinente.com.br\/site\/wp-json\/wp\/v2\/posts\/455\/revisions\/458"}],"wp:featuredmedia":[{"embeddable":true,"href":"https:\/\/pertinente.com.br\/site\/wp-json\/wp\/v2\/media\/456"}],"wp:attachment":[{"href":"https:\/\/pertinente.com.br\/site\/wp-json\/wp\/v2\/media?parent=455"}],"wp:term":[{"taxonomy":"category","embeddable":true,"href":"https:\/\/pertinente.com.br\/site\/wp-json\/wp\/v2\/categories?post=455"},{"taxonomy":"post_tag","embeddable":true,"href":"https:\/\/pertinente.com.br\/site\/wp-json\/wp\/v2\/tags?post=455"}],"curies":[{"name":"wp","href":"https:\/\/api.w.org\/{rel}","templated":true}]}}