{"id":470,"date":"2017-06-28T14:18:02","date_gmt":"2017-06-28T14:18:02","guid":{"rendered":"http:\/\/pertinente.com.br\/site\/?p=470"},"modified":"2017-06-28T14:18:02","modified_gmt":"2017-06-28T14:18:02","slug":"alegando-falta-de-dinheiro-pf-suspende-emissao-de-passaportes","status":"publish","type":"post","link":"https:\/\/pertinente.com.br\/site\/2017\/06\/28\/alegando-falta-de-dinheiro-pf-suspende-emissao-de-passaportes\/","title":{"rendered":"Alegando falta de dinheiro, PF suspende emiss\u00e3o de passaportes"},"content":{"rendered":"<p><a href=\"http:\/\/pertinente.com.br\/site\/wp-content\/uploads\/2017\/06\/passaporte-e1484669103299.jpg\"><img loading=\"lazy\" decoding=\"async\" class=\"wp-image-471 aligncenter\" src=\"http:\/\/pertinente.com.br\/site\/wp-content\/uploads\/2017\/06\/passaporte-e1484669103299.jpg\" alt=\"\" width=\"577\" height=\"380\" srcset=\"https:\/\/pertinente.com.br\/site\/wp-content\/uploads\/2017\/06\/passaporte-e1484669103299.jpg 940w, https:\/\/pertinente.com.br\/site\/wp-content\/uploads\/2017\/06\/passaporte-e1484669103299-300x198.jpg 300w, https:\/\/pertinente.com.br\/site\/wp-content\/uploads\/2017\/06\/passaporte-e1484669103299-768x506.jpg 768w\" sizes=\"(max-width: 577px) 100vw, 577px\" \/><\/a><\/p>\n<p>A Pol\u00edcia Federal informou ontem, 27\/06, que est\u00e1 <b>SUSPENSA\u00a0<\/b>a confec\u00e7\u00e3o de novos passaportes solicitadas a partir das 22:00 desta data.<\/p>\n<p>Conforme aquele \u00f3rg\u00e3o, a medida decorre da insufici\u00eancia do or\u00e7amento destinado \u00e0s atividades de controle migrat\u00f3rio e emiss\u00e3o de documentos de viagem. Informa tamb\u00e9m que o agendamento online do servi\u00e7o e o atendimento nos postos da PF continuar\u00e3o funcionando normalmente. No entanto, <strong>n\u00e3o h\u00e1 previs\u00e3o para entrega dos passaportes solicitados<\/strong>, enquanto n\u00e3o for normalizada a situa\u00e7\u00e3o or\u00e7ament\u00e1ria.<\/p>\n<p>Usu\u00e1rios atendidos nos postos de emiss\u00e3o at\u00e9 o dia 27\/06 receber\u00e3o seus passaportes normalmente.<\/p>\n<p>Enquanto isso, a pergunta que n\u00e3o quer calar: se cada usu\u00e1rio paga para ter o seu passaporte emitido, para onde vai este dinheiro?<\/p>\n<p>Fonte consultada: <a href=\"http:\/\/www.pf.gov.br\/servicos-pf\/passaporte\">Site da PF<\/a><\/p>\n","protected":false},"excerpt":{"rendered":"<p>A Pol\u00edcia Federal informou ontem, 27\/06, que est\u00e1 SUSPENSA\u00a0a confec\u00e7\u00e3o de novos passaportes solicitadas a partir das 22:00 desta data. Conforme aquele \u00f3rg\u00e3o, a medida decorre da insufici\u00eancia do or\u00e7amento destinado \u00e0s atividades de controle migrat\u00f3rio e emiss\u00e3o de documentos de viagem.&hellip;<\/p>\n","protected":false},"author":1,"featured_media":471,"comment_status":"open","ping_status":"open","sticky":false,"template":"","format":"standard","meta":{"footnotes":""},"categories":[4],"tags":[113,111,99,112],"_links":{"self":[{"href":"https:\/\/pertinente.com.br\/site\/wp-json\/wp\/v2\/posts\/470"}],"collection":[{"href":"https:\/\/pertinente.com.br\/site\/wp-json\/wp\/v2\/posts"}],"about":[{"href":"https:\/\/pertinente.com.br\/site\/wp-json\/wp\/v2\/types\/post"}],"author":[{"embeddable":true,"href":"https:\/\/pertinente.com.br\/site\/wp-json\/wp\/v2\/users\/1"}],"replies":[{"embeddable":true,"href":"https:\/\/pertinente.com.br\/site\/wp-json\/wp\/v2\/comments?post=470"}],"version-history":[{"count":1,"href":"https:\/\/pertinente.com.br\/site\/wp-json\/wp\/v2\/posts\/470\/revisions"}],"predecessor-version":[{"id":472,"href":"https:\/\/pertinente.com.br\/site\/wp-json\/wp\/v2\/posts\/470\/revisions\/472"}],"wp:featuredmedia":[{"embeddable":true,"href":"https:\/\/pertinente.com.br\/site\/wp-json\/wp\/v2\/media\/471"}],"wp:attachment":[{"href":"https:\/\/pertinente.com.br\/site\/wp-json\/wp\/v2\/media?parent=470"}],"wp:term":[{"taxonomy":"category","embeddable":true,"href":"https:\/\/pertinente.com.br\/site\/wp-json\/wp\/v2\/categories?post=470"},{"taxonomy":"post_tag","embeddable":true,"href":"https:\/\/pertinente.com.br\/site\/wp-json\/wp\/v2\/tags?post=470"}],"curies":[{"name":"wp","href":"https:\/\/api.w.org\/{rel}","templated":true}]}}