{"id":487,"date":"2017-07-11T17:51:52","date_gmt":"2017-07-11T17:51:52","guid":{"rendered":"http:\/\/pertinente.com.br\/site\/?p=487"},"modified":"2017-07-11T17:51:52","modified_gmt":"2017-07-11T17:51:52","slug":"como-possivel-substituto-presidente-da-camara-ve-queda-de-temer-como-inevitavel","status":"publish","type":"post","link":"https:\/\/pertinente.com.br\/site\/2017\/07\/11\/como-possivel-substituto-presidente-da-camara-ve-queda-de-temer-como-inevitavel\/","title":{"rendered":"Como poss\u00edvel substituto, Presidente da C\u00e2mara v\u00ea queda de Temer como inevit\u00e1vel"},"content":{"rendered":"<p style=\"text-align: center;\"><a href=\"http:\/\/pertinente.com.br\/site\/wp-content\/uploads\/2017\/07\/471d4888895039f01763c4bea25d97dc.jpg\"><img loading=\"lazy\" decoding=\"async\" class=\"alignnone size-full wp-image-489\" src=\"http:\/\/pertinente.com.br\/site\/wp-content\/uploads\/2017\/07\/471d4888895039f01763c4bea25d97dc.jpg\" alt=\"\" width=\"620\" height=\"413\" srcset=\"https:\/\/pertinente.com.br\/site\/wp-content\/uploads\/2017\/07\/471d4888895039f01763c4bea25d97dc.jpg 620w, https:\/\/pertinente.com.br\/site\/wp-content\/uploads\/2017\/07\/471d4888895039f01763c4bea25d97dc-300x200.jpg 300w\" sizes=\"(max-width: 620px) 100vw, 620px\" \/><\/a><\/p>\n<p class=\"canvas-atom canvas-text Mb(1.0em) Mb(0)--sm Mt(0.8em)--sm\" data-reactid=\"22\">A queda do presidente Michel Temer \u00e9 inevit\u00e1vel. Pelo menos esse \u00e9 o panorama que Rodrigo Maia (DEM-RJ) enxerga ap\u00f3s passar o \u00faltimo final de semana imerso em articula\u00e7\u00f5es em Bras\u00edlia. As informa\u00e7\u00f5es s\u00e3o da Folha de S.Paulo.<\/p>\n<p class=\"canvas-atom canvas-text Mb(1.0em) Mb(0)--sm Mt(0.8em)--sm\" data-reactid=\"23\">Nas reuni\u00f5es das quais Maia participou, muito se falou sobre a semana decisiva que o presidente Temer tem pela frente. Na \u00faltima segunda (10), por exemplo, as acusa\u00e7\u00f5es feitas contra ele pela PGR foram encaminhadas para a C\u00e2mara.<\/p>\n<p class=\"canvas-atom canvas-text Mb(1.0em) Mb(0)--sm Mt(0.8em)--sm\" data-reactid=\"24\">Sucessor imediato de Temer no Planalto por ser o presidente da C\u00e2mara, Maia encerrou suas reuni\u00f5es, segundo a Folha, oferecendo pizza e sopa a parlamentares da base aliada. O encontro aconteceu na resid\u00eancia oficial do deputado do DEM.<\/p>\n<p class=\"canvas-atom canvas-text Mb(1.0em) Mb(0)--sm Mt(0.8em)--sm\" data-reactid=\"25\">Segundo informa\u00e7\u00f5es da Folha, Maia contou, em tom s\u00f3brio, ao presentes qual era seu diagn\u00f3stico do governo. Ele teria, horas antes, feito o mesmo com o pr\u00f3prio Michel Temer, sem esconder sua opini\u00e3o. Para Maia, \u00e9 irrevers\u00edvel a queda do presidente.<\/p>\n<p class=\"canvas-atom canvas-text Mb(1.0em) Mb(0)--sm Mt(0.8em)--sm\" data-reactid=\"26\">Para Maia, existem chances do presidente sobreviver \u00e0 primeira vota\u00e7\u00e3o que acontecer\u00e1 na C\u00e2mara. O que o deputado n\u00e3o acredita, no entanto, \u00e9 que Temer sobreviveria a uma segunda vota\u00e7\u00e3o, uma vez que nesta os deputados j\u00e1 estariam extremamente desgastados por defenderem o presidente.<\/p>\n<p class=\"canvas-atom canvas-text Mb(1.0em) Mb(0)--sm Mt(0.8em)--sm\" data-reactid=\"27\">Fonte: <a href=\"https:\/\/br.noticias.yahoo.com\/possivel-presidente-maia-ve-queda-de-temer-como-irreversivel-162822851.html\">Yahoo<\/a>.<\/p>\n<p class=\"canvas-atom canvas-text Mb(1.0em) Mb(0)--sm Mt(0.8em)--sm\" data-reactid=\"27\">\n","protected":false},"excerpt":{"rendered":"<p>A queda do presidente Michel Temer \u00e9 inevit\u00e1vel. Pelo menos esse \u00e9 o panorama que Rodrigo Maia (DEM-RJ) enxerga ap\u00f3s passar o \u00faltimo final de semana imerso em articula\u00e7\u00f5es em Bras\u00edlia. As informa\u00e7\u00f5es s\u00e3o da Folha de S.Paulo. Nas reuni\u00f5es das quais&hellip;<\/p>\n","protected":false},"author":1,"featured_media":488,"comment_status":"open","ping_status":"open","sticky":false,"template":"","format":"standard","meta":{"footnotes":""},"categories":[4],"tags":[60,120,119,11],"_links":{"self":[{"href":"https:\/\/pertinente.com.br\/site\/wp-json\/wp\/v2\/posts\/487"}],"collection":[{"href":"https:\/\/pertinente.com.br\/site\/wp-json\/wp\/v2\/posts"}],"about":[{"href":"https:\/\/pertinente.com.br\/site\/wp-json\/wp\/v2\/types\/post"}],"author":[{"embeddable":true,"href":"https:\/\/pertinente.com.br\/site\/wp-json\/wp\/v2\/users\/1"}],"replies":[{"embeddable":true,"href":"https:\/\/pertinente.com.br\/site\/wp-json\/wp\/v2\/comments?post=487"}],"version-history":[{"count":1,"href":"https:\/\/pertinente.com.br\/site\/wp-json\/wp\/v2\/posts\/487\/revisions"}],"predecessor-version":[{"id":490,"href":"https:\/\/pertinente.com.br\/site\/wp-json\/wp\/v2\/posts\/487\/revisions\/490"}],"wp:featuredmedia":[{"embeddable":true,"href":"https:\/\/pertinente.com.br\/site\/wp-json\/wp\/v2\/media\/488"}],"wp:attachment":[{"href":"https:\/\/pertinente.com.br\/site\/wp-json\/wp\/v2\/media?parent=487"}],"wp:term":[{"taxonomy":"category","embeddable":true,"href":"https:\/\/pertinente.com.br\/site\/wp-json\/wp\/v2\/categories?post=487"},{"taxonomy":"post_tag","embeddable":true,"href":"https:\/\/pertinente.com.br\/site\/wp-json\/wp\/v2\/tags?post=487"}],"curies":[{"name":"wp","href":"https:\/\/api.w.org\/{rel}","templated":true}]}}