{"id":525,"date":"2017-07-15T13:33:54","date_gmt":"2017-07-15T13:33:54","guid":{"rendered":"http:\/\/pertinente.com.br\/site\/?p=525"},"modified":"2017-07-15T13:33:54","modified_gmt":"2017-07-15T13:33:54","slug":"temer-liberou-r-134-milhoes-em-emendas-para-aliados-na-ccj","status":"publish","type":"post","link":"https:\/\/pertinente.com.br\/site\/2017\/07\/15\/temer-liberou-r-134-milhoes-em-emendas-para-aliados-na-ccj\/","title":{"rendered":"Temer liberou R$ 134 milh\u00f5es em emendas para aliados na CCJ"},"content":{"rendered":"<h4 class=\"article-subtitle\" style=\"text-align: center;\"><a href=\"http:\/\/pertinente.com.br\/site\/wp-content\/uploads\/2017\/07\/WhatsApp-Image-2017-07-13-at-18.03.49.jpeg\"><img loading=\"lazy\" decoding=\"async\" class=\"alignnone size-full wp-image-526\" src=\"http:\/\/pertinente.com.br\/site\/wp-content\/uploads\/2017\/07\/WhatsApp-Image-2017-07-13-at-18.03.49.jpeg\" alt=\"\" width=\"800\" height=\"500\" srcset=\"https:\/\/pertinente.com.br\/site\/wp-content\/uploads\/2017\/07\/WhatsApp-Image-2017-07-13-at-18.03.49.jpeg 800w, https:\/\/pertinente.com.br\/site\/wp-content\/uploads\/2017\/07\/WhatsApp-Image-2017-07-13-at-18.03.49-300x188.jpeg 300w, https:\/\/pertinente.com.br\/site\/wp-content\/uploads\/2017\/07\/WhatsApp-Image-2017-07-13-at-18.03.49-768x480.jpeg 768w\" sizes=\"(max-width: 800px) 100vw, 800px\" \/><\/a><\/h4>\n<h4 class=\"article-subtitle\">O\u00a0autor do parecer favor\u00e1vel a Temer ganhou R$ 5,1 milh\u00f5es em emendas; j\u00e1 o relator que se op\u00f4s a ele come\u00e7a sofrer\u00a0retalia\u00e7\u00e3o<\/h4>\n<p>No m\u00eas passado, quando a den\u00fancia do procurador-geral da Rep\u00fablica, Rodrigo Janot, amea\u00e7ava o presidente Michel Temer, o Pal\u00e1cio do Planalto abriu a carteira para manter aliados satisfeitos \u2014 j\u00e1 de olho nas vota\u00e7\u00f5es decisivas para o futuro do governo.<\/p>\n<p>Segundo levantamento da ONG\u00a0<a href=\"http:\/\/contasabertas.com.br\/site\/orcamento\/votos-a-favor-de-temer-somam-r-134-milhoes-em-emendas-so-em-junho\" target=\"_blank\" rel=\"noopener\">Contas Abertas<\/a>, \u00a0o \u00a0governo liberou em junho mais de 2 bilh\u00f5es de reais para parlamentares de 27 partidos e bancadas estaduais. Desse total, 134 milh\u00f5es de reais foram empenhadas para emendas de 36 dos 40 deputados que derrubaram o parecer favor\u00e1vel \u00e0 den\u00fancia contra Temer. Entre os que aprovaram o primeiro relat\u00f3rio, o valor desembolsado caiu pela metade: 66 milh\u00f5es de reais.<\/p>\n<div class=\"teads-inread\">\n<div class=\"teads-ui-components-label\">Mas dois parlamentares que votaram contra Temer foram os alvos do maior montante em emendas empenhado em junho. Marcos Rog\u00e9rio (DEM-RO) e Silvio Torres (PSDB-SP) receberam, respectivamente, 5,3 milh\u00f5es e 5,1 milh\u00f5es de reais.<\/div>\n<\/div>\n<p>J\u00e1 o deputado Paulo Abi-Ackel (PSDB-MG), autor do relat\u00f3rio alternativo que rejeitou a den\u00fancia contra o peemedebista, \u00e9 o aliado que ganhou mais recursos do governo: foram 5,1 milh\u00f5es de reais empenhados em emendas para ele em junho.<\/p>\n<p>Dois aliados de Temer que assumiram uma cadeira na CCJ nas v\u00e9speras da vota\u00e7\u00e3o tamb\u00e9m aparecem na lista dos mais \u201cabonados\u201d com emendas em junho: s\u00e3o eles os deputados Beto Mansur (PRB\u2014SP) e Carlos Marun (PMDB-MS), que receberam 5 milh\u00f5es de reais cada.<\/p>\n<p>A expectativa \u00e9 de que a den\u00fancia seja apreciada pelo plen\u00e1rio da C\u00e2mara a partir de 2 de agosto, caso o governo consiga montar qu\u00f3rum suficiente. Para garantir votos, o Planalto j\u00e1 cogita fazer uma reforma ministerial dando prioridade (e mais espa\u00e7o) para aliados e punindo traidores.<\/p>\n<p>O relator do parecer contr\u00e1rio a Temer, o \u00a0deputado S\u00e9rgio Zveiter (PMDB-RJ), j\u00e1 come\u00e7ou a sentir o gosto amargo da retalia\u00e7\u00e3o do Planalto: ele\u00a0<a href=\"http:\/\/exame.abril.com.br\/brasil\/zveiter-perde-vice-lideranca-do-pmdb-na-camara\/\" target=\"_blank\" rel=\"noopener\">perdeu ontem o posto de vice-l\u00edder do PMDB na C\u00e2mara<\/a>\u00a0e de coordenador da bancada na Comiss\u00e3o de Constitui\u00e7\u00e3o e Justi\u00e7a (CCJ). Deve ser ainda substitu\u00eddo na comiss\u00e3o. O valor de emendas empenhadas para ele em junho? Zero reais.<\/p>\n<p>Fonte: <a href=\"http:\/\/exame.abril.com.br\/brasil\/temer-liberou-r-134-milhoes-em-emendas-para-aliados-na-ccj\/\">Exame<\/a><\/p>\n<p>&nbsp;<\/p>\n<p>&nbsp;<\/p>\n","protected":false},"excerpt":{"rendered":"<p>O\u00a0autor do parecer favor\u00e1vel a Temer ganhou R$ 5,1 milh\u00f5es em emendas; j\u00e1 o relator que se op\u00f4s a ele come\u00e7a sofrer\u00a0retalia\u00e7\u00e3o No m\u00eas passado, quando a den\u00fancia do procurador-geral da Rep\u00fablica, Rodrigo Janot, amea\u00e7ava o presidente Michel Temer, o Pal\u00e1cio do&hellip;<\/p>\n","protected":false},"author":1,"featured_media":526,"comment_status":"open","ping_status":"open","sticky":false,"template":"","format":"standard","meta":{"footnotes":""},"categories":[4],"tags":[126,60,130,129,11],"_links":{"self":[{"href":"https:\/\/pertinente.com.br\/site\/wp-json\/wp\/v2\/posts\/525"}],"collection":[{"href":"https:\/\/pertinente.com.br\/site\/wp-json\/wp\/v2\/posts"}],"about":[{"href":"https:\/\/pertinente.com.br\/site\/wp-json\/wp\/v2\/types\/post"}],"author":[{"embeddable":true,"href":"https:\/\/pertinente.com.br\/site\/wp-json\/wp\/v2\/users\/1"}],"replies":[{"embeddable":true,"href":"https:\/\/pertinente.com.br\/site\/wp-json\/wp\/v2\/comments?post=525"}],"version-history":[{"count":1,"href":"https:\/\/pertinente.com.br\/site\/wp-json\/wp\/v2\/posts\/525\/revisions"}],"predecessor-version":[{"id":527,"href":"https:\/\/pertinente.com.br\/site\/wp-json\/wp\/v2\/posts\/525\/revisions\/527"}],"wp:featuredmedia":[{"embeddable":true,"href":"https:\/\/pertinente.com.br\/site\/wp-json\/wp\/v2\/media\/526"}],"wp:attachment":[{"href":"https:\/\/pertinente.com.br\/site\/wp-json\/wp\/v2\/media?parent=525"}],"wp:term":[{"taxonomy":"category","embeddable":true,"href":"https:\/\/pertinente.com.br\/site\/wp-json\/wp\/v2\/categories?post=525"},{"taxonomy":"post_tag","embeddable":true,"href":"https:\/\/pertinente.com.br\/site\/wp-json\/wp\/v2\/tags?post=525"}],"curies":[{"name":"wp","href":"https:\/\/api.w.org\/{rel}","templated":true}]}}