{"id":529,"date":"2017-07-23T23:25:47","date_gmt":"2017-07-23T23:25:47","guid":{"rendered":"http:\/\/pertinente.com.br\/site\/?p=529"},"modified":"2017-07-23T23:25:47","modified_gmt":"2017-07-23T23:25:47","slug":"volkswagen-colaborou-ativamente-com-a-ditadura-brasileira-afirma-imprensa-alema","status":"publish","type":"post","link":"https:\/\/pertinente.com.br\/site\/2017\/07\/23\/volkswagen-colaborou-ativamente-com-a-ditadura-brasileira-afirma-imprensa-alema\/","title":{"rendered":"Volkswagen colaborou ativamente com a ditadura brasileira, afirma imprensa alem\u00e3"},"content":{"rendered":"<p style=\"text-align: center;\"><a href=\"http:\/\/pertinente.com.br\/site\/wp-content\/uploads\/2017\/07\/ditaduratortura02.jpg\"><img loading=\"lazy\" decoding=\"async\" class=\"alignnone size-full wp-image-530\" src=\"http:\/\/pertinente.com.br\/site\/wp-content\/uploads\/2017\/07\/ditaduratortura02.jpg\" alt=\"\" width=\"340\" height=\"270\" srcset=\"https:\/\/pertinente.com.br\/site\/wp-content\/uploads\/2017\/07\/ditaduratortura02.jpg 340w, https:\/\/pertinente.com.br\/site\/wp-content\/uploads\/2017\/07\/ditaduratortura02-300x238.jpg 300w\" sizes=\"(max-width: 340px) 100vw, 340px\" \/><\/a><\/p>\n<p>A filial brasileira da Volkswagen supostamente colaborou ativamente com a ditadura no Brasil na persegui\u00e7\u00e3o de opositores pol\u00edticos, segundo informaram neste domingo (23) o jornal\u00a0<em>S\u00fcddeutsche Zeitung<\/em>\u00a0e as emissoras\u00a0<strong>NDR<\/strong>\u00a0e\u00a0<strong>SWR<\/strong>. A imprensa alem\u00e3 detalha que h\u00e1 quase dois anos foi aberta em S\u00e3o Paulo uma investiga\u00e7\u00e3o sobre a Volkswagen do Brasil para determinar a responsabilidade da empresa na viola\u00e7\u00e3o dos direitos humanos durante a ditadura de 1964 a 1985.<\/p>\n<p>Em 2016, a empresa nomeou para uma investiga\u00e7\u00e3o sobre seu passado o historiador Christopher Kopper, que confirmou a exist\u00eancia de &#8220;uma colabora\u00e7\u00e3o regular&#8221; entre o Departamento de Seguran\u00e7a da filial e a pol\u00edcia pol\u00edtica do regime.<\/p>\n<p><strong>Espionagem<\/strong><\/p>\n<p>&#8220;O Departamento de Seguran\u00e7a atuou como um bra\u00e7o da pol\u00edcia pol\u00edtica dentro da f\u00e1brica da VW&#8221;, afirmou Kooper, pesquisador da Universidade de Bielefeld.<\/p>\n<p>&#8220;Permitiu as deten\u00e7\u00f5es&#8221; e pode ser que ao compartilhar informa\u00e7\u00e3o com a pol\u00edcia &#8220;contribu\u00edsse para elas&#8221;, acrescentou o historiador.<\/p>\n<p>Segundo os meios citados, a filial brasileira espionou seus trabalhadores e suas ideias pol\u00edticas, e os dados acabaram em &#8220;listas negras&#8221; em m\u00e3os da pol\u00edcia pol\u00edtica. Os afetados lembram como foram torturados durante meses, ap\u00f3s terem se unido a grupos opositores.<\/p>\n<p><strong>Galp\u00f5es<\/strong><\/p>\n<p>Conforme estabeleceu a Comiss\u00e3o Nacional da Verdade, que examinou as viola\u00e7\u00f5es dos direitos humanos cometidas pela ditadura brasileira, muitas empresas privadas, nacionais e estrangeiras deram apoio tanto financeiro como operacional ao regime militar.<\/p>\n<p>No caso da Volkswagen, a comiss\u00e3o constatou que alguns galp\u00f5es que a empresa tinha em uma f\u00e1brica de S\u00e3o Bernardo do Campo (SP) foram cedidos aos militares, que os usaram como centros de deten\u00e7\u00e3o e tortura.<\/p>\n<p>Al\u00e9m disso, a comiss\u00e3o sustentou que encontrou provas que a empresa alem\u00e3 doou ao regime militar cerca de 200 ve\u00edculos, que depois foram usados pelos servi\u00e7os de repress\u00e3o.<\/p>\n<p>Fonte: <a href=\"http:\/\/agenciabrasil.ebc.com.br\/direitos-humanos\/noticia\/2017-07\/volkswagen-colaborou-ativamente-com-ditadura-brasileira-diz\">Ag\u00eancia Brasil<\/a><\/p>\n","protected":false},"excerpt":{"rendered":"<p>A filial brasileira da Volkswagen supostamente colaborou ativamente com a ditadura no Brasil na persegui\u00e7\u00e3o de opositores pol\u00edticos, segundo informaram neste domingo (23) o jornal\u00a0S\u00fcddeutsche Zeitung\u00a0e as emissoras\u00a0NDR\u00a0e\u00a0SWR. A imprensa alem\u00e3 detalha que h\u00e1 quase dois anos foi aberta em S\u00e3o Paulo&hellip;<\/p>\n","protected":false},"author":1,"featured_media":530,"comment_status":"open","ping_status":"open","sticky":false,"template":"","format":"standard","meta":{"footnotes":""},"categories":[4],"tags":[14,132,133,131],"_links":{"self":[{"href":"https:\/\/pertinente.com.br\/site\/wp-json\/wp\/v2\/posts\/529"}],"collection":[{"href":"https:\/\/pertinente.com.br\/site\/wp-json\/wp\/v2\/posts"}],"about":[{"href":"https:\/\/pertinente.com.br\/site\/wp-json\/wp\/v2\/types\/post"}],"author":[{"embeddable":true,"href":"https:\/\/pertinente.com.br\/site\/wp-json\/wp\/v2\/users\/1"}],"replies":[{"embeddable":true,"href":"https:\/\/pertinente.com.br\/site\/wp-json\/wp\/v2\/comments?post=529"}],"version-history":[{"count":1,"href":"https:\/\/pertinente.com.br\/site\/wp-json\/wp\/v2\/posts\/529\/revisions"}],"predecessor-version":[{"id":531,"href":"https:\/\/pertinente.com.br\/site\/wp-json\/wp\/v2\/posts\/529\/revisions\/531"}],"wp:featuredmedia":[{"embeddable":true,"href":"https:\/\/pertinente.com.br\/site\/wp-json\/wp\/v2\/media\/530"}],"wp:attachment":[{"href":"https:\/\/pertinente.com.br\/site\/wp-json\/wp\/v2\/media?parent=529"}],"wp:term":[{"taxonomy":"category","embeddable":true,"href":"https:\/\/pertinente.com.br\/site\/wp-json\/wp\/v2\/categories?post=529"},{"taxonomy":"post_tag","embeddable":true,"href":"https:\/\/pertinente.com.br\/site\/wp-json\/wp\/v2\/tags?post=529"}],"curies":[{"name":"wp","href":"https:\/\/api.w.org\/{rel}","templated":true}]}}