{"id":536,"date":"2017-08-01T21:01:52","date_gmt":"2017-08-01T21:01:52","guid":{"rendered":"http:\/\/pertinente.com.br\/site\/?p=536"},"modified":"2017-08-01T21:01:52","modified_gmt":"2017-08-01T21:01:52","slug":"mpf-faz-novo-pedido-de-prisao-preventiva-de-aecio-neves","status":"publish","type":"post","link":"https:\/\/pertinente.com.br\/site\/2017\/08\/01\/mpf-faz-novo-pedido-de-prisao-preventiva-de-aecio-neves\/","title":{"rendered":"MPF faz novo pedido de pris\u00e3o preventiva de A\u00e9cio Neves"},"content":{"rendered":"<div id=\"cuerpo_noticia\" class=\"articulo-cuerpo\">\n<p><a href=\"http:\/\/pertinente.com.br\/site\/wp-content\/uploads\/2017\/08\/janot-e-aecio.jpg\"><img loading=\"lazy\" decoding=\"async\" class=\" wp-image-537 aligncenter\" src=\"http:\/\/pertinente.com.br\/site\/wp-content\/uploads\/2017\/08\/janot-e-aecio.jpg\" alt=\"\" width=\"739\" height=\"244\" srcset=\"https:\/\/pertinente.com.br\/site\/wp-content\/uploads\/2017\/08\/janot-e-aecio.jpg 800w, https:\/\/pertinente.com.br\/site\/wp-content\/uploads\/2017\/08\/janot-e-aecio-300x99.jpg 300w, https:\/\/pertinente.com.br\/site\/wp-content\/uploads\/2017\/08\/janot-e-aecio-768x253.jpg 768w\" sizes=\"(max-width: 739px) 100vw, 739px\" \/><\/a><\/p>\n<p>O procurador-geral da Rep\u00fablica, <a href=\"https:\/\/brasil.elpais.com\/tag\/rodrigo_janot_monteiro_de_barro\/a\/\">Rodrigo Janot<\/a>, voltou a pedir que seja decretada a pris\u00e3o preventiva do senador <a href=\"https:\/\/brasil.elpais.com\/tag\/aecio_neves\/a\/\">A\u00e9cio Neves<\/a> (PSDB). A pris\u00e3o j\u00e1 tinha sido rejeitada pelo ministro Edson Fachin em 18 de maio, mas Janot pediu que o plen\u00e1rio do Supremo reconsiderasse o pedido, o que nunca aconteceu. O caso acabou redistribu\u00eddo para o ministro Marco Aur\u00e9lio Mello, que <a href=\"https:\/\/brasil.elpais.com\/brasil\/2017\/06\/30\/politica\/1498834680_138529.html\">negou novo pedido de pris\u00e3o em 30 de junho<\/a>. Nesta segunda-feira, Janot pediu a Mello que reconsidere o pedido e que, caso discorde da pris\u00e3o, coloque o caso para an\u00e1lise da 1\u00aa Turma do Supremo, na qual, al\u00e9m de Mello, fazem parte Lu\u00eds Roberto Barroso, Ricardo Lewandowski, Luiz Fux e Rosa Weber.<\/p>\n<p>&nbsp;<\/p>\n<p>O novo pedido de pris\u00e3o ocorre em momento no qual A\u00e9cio se recomp\u00f5e para enfrentar a Justi\u00e7a. Ap\u00f3s recuperar o mandato no fim de junho, por decis\u00e3o de Marco Aur\u00e9lio Mello \u2013 que tamb\u00e9m soltou a irm\u00e3 de A\u00e9cio, Andrea Neves, e o primo, Frederico Medeiros, envolvidos no recebimento de propina para o senador \u2013, A\u00e9cio tamb\u00e9m teve uma acusa\u00e7\u00e3o arquivada na Comiss\u00e3o de \u00c9tica do Senado. Voltou \u00e0 Casa, e retomou sua rotina. Ao mesmo tempo, ganha for\u00e7a pol\u00edtica dentro do Governo Temer, que conta com seu apoio, a despeito dos tucanos contr\u00e1rios a se manter na base aliada do presidente. Neste s\u00e1bado, compareceu a um jantar com o presidente Michel Temer (PMDB) no Pal\u00e1cio do Jaburu.<\/p>\n<p>Para Janot, a pris\u00e3o de A\u00e9cio continua imprescind\u00edvel e urgente para as investiga\u00e7\u00f5es. \u201cO robusto acervo probat\u00f3rio carreado aos autos desta a\u00e7\u00e3o cautelar \u2014 com destaque para as provas colhidas no bojo das a\u00e7\u00f5es controladas e intercepta\u00e7\u00f5es telef\u00f4nicas, todas devidamente autorizadas pelo Ministro Edson Fachin \u2014 n\u00e3o deixam d\u00favidas de que, na \u00e9poca do pedido de pris\u00e3o, tal como os demais requeridos, o senador A\u00e9cio Neves tamb\u00e9m estava tecnicamente em estado de flagr\u00e2ncia em rela\u00e7\u00e3o aos crime de corrup\u00e7\u00e3o, lavagem de dinheiro, organiza\u00e7\u00e3o criminosa e embara\u00e7o a investiga\u00e7\u00e3o criminal que envolve a organiza\u00e7\u00e3o criminosa\u201d, destaca Janot no novo pedido.<\/p>\n<p>A\u00e9cio \u00e9 acusado de pedir e receber 2 milh\u00f5es de reais de propina do frigor\u00edfico JBS. O pagamento foi feito pelo empres\u00e1rio Joesley Batista, s\u00f3cio da JBS. E esse foi um dos trunfos do acordo de dela\u00e7\u00e3o premiada do empres\u00e1rio. Como foi denunciado por Joesley, a Pol\u00edcia Federal e o Minist\u00e9rio P\u00fablico Federal filmaram as entregas de dinheiro a um primo de A\u00e9cio e constataram at\u00e9 o destino da propina, a conta banc\u00e1ria de uma empresa do senador Zez\u00e9 Perrella. O pedido de A\u00e9cio ficou documentado em mensagens e conversas telef\u00f4nicas &#8212; a entrega foi filmada.<\/p>\n<p>A defesa de A\u00e9cio at\u00e9 agora foi dizer que era, na verdade, um empr\u00e9stimo para pagar advogados, embora nunca tenha feito qualquer movimento nesse sentido. Com o fim do recesso do Judici\u00e1rio, o novo pedido de pris\u00e3o ter\u00e1 de ser analisado. Pris\u00f5es de senadores tamb\u00e9m precisam ser confirmadas pelo plen\u00e1rio do Senado Federal.<\/p>\n<\/div>\n<section id=\"articulo-tags\" class=\"articulo-tags\">\n<header class=\"articulo-tags-encabezado \"><button id=\"boton_articulo-tags\" class=\"articulo-tags-titulo\">ARQUIVADO EM:<\/button><\/header>\n<\/section>\n<p>&nbsp;<\/p>\n<p>Fonte: <a href=\"https:\/\/brasil.elpais.com\/brasil\/2017\/08\/01\/politica\/1501538663_625637.html\">El Pa\u00eds<\/a><\/p>\n","protected":false},"excerpt":{"rendered":"<p>O procurador-geral da Rep\u00fablica, Rodrigo Janot, voltou a pedir que seja decretada a pris\u00e3o preventiva do senador A\u00e9cio Neves (PSDB). A pris\u00e3o j\u00e1 tinha sido rejeitada pelo ministro Edson Fachin em 18 de maio, mas Janot pediu que o plen\u00e1rio do Supremo&hellip;<\/p>\n","protected":false},"author":1,"featured_media":537,"comment_status":"open","ping_status":"open","sticky":false,"template":"","format":"standard","meta":{"footnotes":""},"categories":[4],"tags":[62,138,74,71],"_links":{"self":[{"href":"https:\/\/pertinente.com.br\/site\/wp-json\/wp\/v2\/posts\/536"}],"collection":[{"href":"https:\/\/pertinente.com.br\/site\/wp-json\/wp\/v2\/posts"}],"about":[{"href":"https:\/\/pertinente.com.br\/site\/wp-json\/wp\/v2\/types\/post"}],"author":[{"embeddable":true,"href":"https:\/\/pertinente.com.br\/site\/wp-json\/wp\/v2\/users\/1"}],"replies":[{"embeddable":true,"href":"https:\/\/pertinente.com.br\/site\/wp-json\/wp\/v2\/comments?post=536"}],"version-history":[{"count":1,"href":"https:\/\/pertinente.com.br\/site\/wp-json\/wp\/v2\/posts\/536\/revisions"}],"predecessor-version":[{"id":538,"href":"https:\/\/pertinente.com.br\/site\/wp-json\/wp\/v2\/posts\/536\/revisions\/538"}],"wp:featuredmedia":[{"embeddable":true,"href":"https:\/\/pertinente.com.br\/site\/wp-json\/wp\/v2\/media\/537"}],"wp:attachment":[{"href":"https:\/\/pertinente.com.br\/site\/wp-json\/wp\/v2\/media?parent=536"}],"wp:term":[{"taxonomy":"category","embeddable":true,"href":"https:\/\/pertinente.com.br\/site\/wp-json\/wp\/v2\/categories?post=536"},{"taxonomy":"post_tag","embeddable":true,"href":"https:\/\/pertinente.com.br\/site\/wp-json\/wp\/v2\/tags?post=536"}],"curies":[{"name":"wp","href":"https:\/\/api.w.org\/{rel}","templated":true}]}}